{"id":3207,"date":"2026-08-13T08:00:00","date_gmt":"2026-08-13T07:00:00","guid":{"rendered":"https:\/\/nublo.tv\/?p=3207"},"modified":"2026-08-13T08:14:49","modified_gmt":"2026-08-13T07:14:49","slug":"el-sol-a-medias-entre-nubes-y-siluetas-asi-vivimos-el-historico-eclipse-del-12-de-agosto","status":"publish","type":"post","link":"https:\/\/nublo.tv\/index.php\/2026\/08\/13\/el-sol-a-medias-entre-nubes-y-siluetas-asi-vivimos-el-historico-eclipse-del-12-de-agosto\/","title":{"rendered":"El Sol a Medias, Entre Nubes y Siluetas: As\u00ed Vivimos el Hist\u00f3rico Eclipse del 12 de Agosto"},"content":{"rendered":"\r\n<p class=\"wp-block-paragraph\">El pasado 12 de agosto de 2026, los cielos de Canarias nos regalaron un espect\u00e1culo astron\u00f3mico dif\u00edcil, pero inolvidable. Para todos los que formamos esta gran familia digital en Nublo TV, la tarde se convirti\u00f3 en un emocionante ejercicio de paciencia. El pron\u00f3stico era complejo, y las nubes se erigieron como protagonistas, amenazando con robarnos el momento. En este contexto, el valor de las fotograf\u00edas que logramos capturar, aunque fuesen pocas, es incalculable.<\/p>\r\n\r\n\r\n\r\n<h3 class=\"wp-block-heading\">Los Datos T\u00e9cnicos desde Gran Canaria y la Lucha Contra el Clima<\/h3>\r\n\r\n\r\n\r\n<p class=\"wp-block-paragraph\">Nuestra latitud en Gran Canaria nos ofreci\u00f3 una perspectiva parcial, con los c\u00e1lculos astron\u00f3micos marcando un <strong>70% de superficie del disco solar cubierta por la luna<\/strong> en el punto m\u00e1ximo. Pero las nubes lo complicaron todo. La mayor\u00eda de los momentos, la luna estaba oculta, y el cielo nos obligaba a esperar.<\/p>\r\n\r\n\r\n\r\n<p class=\"wp-block-paragraph\">Solo unos pocos claros providenciales, fugaces y preciosos, se abrieron para dejarnos vislumbrar el sol en sus fases clave:<\/p>\r\n\r\n\r\n\r\n<ul class=\"wp-block-list\">\r\n<li><strong>Punto de m\u00e1xima ocultaci\u00f3n (Aprox. 19:53 h):<\/strong> Fue en este instante cuando un hueco fugaz nos permiti\u00f3 captar la imagen de la luna \u00abmordiendo\u00bb al sol en su mayor extensi\u00f3n. Fue un alivio y una alegr\u00eda inmensa para todo el equipo.<\/li>\r\n\r\n\r\n\r\n<li><strong>La Silueta Emblem\u00e1tica:<\/strong> Justo antes del ocaso, cuando la bruma marina y las nubes lo cubr\u00edan casi todo, el sol asom\u00f3 brevemente, lo suficiente para encuadrar la silueta de Gran Canaria con su inconfundible torre del faro. Esta imagen, capturada contra el cielo plomizo y fr\u00edo, es el testimonio de que incluso entre nubes, la belleza de la mec\u00e1nica celeste brilla.<\/li>\r\n<\/ul>\r\n\r\n\r\n\r\n<figure class=\"wp-block-gallery has-nested-images columns-default is-cropped wp-block-gallery-1 is-layout-flex wp-block-gallery-is-layout-flex\">\r\n<figure class=\"wp-block-image size-large\"><img loading=\"lazy\" decoding=\"async\" width=\"1024\" height=\"683\" class=\"wp-image-3335\" src=\"https:\/\/nublo.tv\/wp-content\/uploads\/2026\/08\/DSF1139-1024x683.jpg\" alt=\"\" srcset=\"https:\/\/nublo.tv\/wp-content\/uploads\/2026\/08\/DSF1139-1024x683.jpg 1024w, https:\/\/nublo.tv\/wp-content\/uploads\/2026\/08\/DSF1139-300x200.jpg 300w, https:\/\/nublo.tv\/wp-content\/uploads\/2026\/08\/DSF1139-768x512.jpg 768w, https:\/\/nublo.tv\/wp-content\/uploads\/2026\/08\/DSF1139-1536x1024.jpg 1536w, https:\/\/nublo.tv\/wp-content\/uploads\/2026\/08\/DSF1139-2048x1365.jpg 2048w\" sizes=\"auto, (max-width: 1024px) 100vw, 1024px\" \/><\/figure>\r\n\r\n\r\n\r\n<figure class=\"wp-block-image size-large\"><img loading=\"lazy\" decoding=\"async\" width=\"1024\" height=\"683\" class=\"wp-image-3334\" src=\"https:\/\/nublo.tv\/wp-content\/uploads\/2026\/08\/DSF1145-1024x683.jpg\" alt=\"\" srcset=\"https:\/\/nublo.tv\/wp-content\/uploads\/2026\/08\/DSF1145-1024x683.jpg 1024w, https:\/\/nublo.tv\/wp-content\/uploads\/2026\/08\/DSF1145-300x200.jpg 300w, https:\/\/nublo.tv\/wp-content\/uploads\/2026\/08\/DSF1145-768x512.jpg 768w, https:\/\/nublo.tv\/wp-content\/uploads\/2026\/08\/DSF1145-1536x1024.jpg 1536w, https:\/\/nublo.tv\/wp-content\/uploads\/2026\/08\/DSF1145-2048x1365.jpg 2048w\" sizes=\"auto, (max-width: 1024px) 100vw, 1024px\" \/><\/figure>\r\n<\/figure>\r\n\r\n\r\n\r\n<p class=\"wp-block-paragraph\">Las fotograf\u00edas que acompa\u00f1an este art\u00edculo son el resultado de estar con el dedo en el disparador, midiendo la luz constantemente para aprovechar esos fugaces segundos. El teleobjetivo XF150-600mm fue fundamental para aislar el disco solar en esos breves instantes de claridad, capturando el relieve lunar perfilado contra nuestra estrella.<\/p>\r\n\r\n\r\n\r\n<h3 class=\"wp-block-heading\">El Impacto en Nuestro Entorno: Mareas, Fauna y Atm\u00f3sfera<\/h3>\r\n\r\n\r\n\r\n<p class=\"wp-block-paragraph\">Un evento astron\u00f3mico de esta envergadura, sumado a un clima tan cambiante, se siente de forma palpable en el entorno:<\/p>\r\n\r\n\r\n\r\n<ul class=\"wp-block-list\">\r\n<li><strong>Mareas Vivas:<\/strong> Independientemente de si las nubes nos dejaban verlo o no, la gravedad segu\u00eda haciendo su trabajo. La alineaci\u00f3n perfecta de la Tierra, la Luna y el Sol nos est\u00e1 dejando estos d\u00edas unas mareas vivas excepcionales. Las pleamares baten con una fuerza inusual y las bajamares extremas est\u00e1n dejando al descubierto fondos intermareales fascinantes.<\/li>\r\n\r\n\r\n\r\n<li><strong>Comportamiento Animal:<\/strong> La combinaci\u00f3n de la bajada de luz por el eclipse y el oscurecimiento por las nubes despist\u00f3 por completo a nuestra fauna local. Pasadas las 19:30 h, varias especies de aves iniciaron sus rutinas de agrupamiento y vocalizaciones nocturnas antes de tiempo, enga\u00f1adas por ese \u00abfalso anochecer\u00bb prematuro.<\/li>\r\n\r\n\r\n\r\n<li><strong>Climatolog\u00eda:<\/strong> A la ca\u00edda t\u00e9rmica habitual que acompa\u00f1a al tapado del sol, se sum\u00f3 la densidad de las nubes. La atm\u00f3sfera t\u00e9rmica local cambi\u00f3 dr\u00e1sticamente, dej\u00e1ndonos una tarde de agosto sorprendentemente fresca y h\u00fameda.<\/li>\r\n<\/ul>\r\n\r\n\r\n\r\n<p class=\"wp-block-paragraph\">M\u00e1s all\u00e1 de la complejidad t\u00e9cnica, de los equipos de transmisi\u00f3n o de la frustraci\u00f3n inicial por la nubosidad, presenciar estos fen\u00f3menos tiene un componente profundamente espiritual. Estar a merced de las nubes, esperando pacientemente a que el cielo nos concediera un instante de claridad para ver c\u00f3mo la mec\u00e1nica celeste dicta el ritmo del mundo, nos recuerda lo peque\u00f1os que somos. Fue un privilegio poder cazar esos claros de luz y compartir esta experiencia, una vez m\u00e1s, con todos ustedes.<\/p>\r\n\r\n\r\n\r\n<p class=\"wp-block-paragraph\">&nbsp;<\/p>\r\n","protected":false},"excerpt":{"rendered":"<p>El pasado 12 de agosto de 2026, los cielos de Canarias nos regalaron un espect\u00e1culo astron\u00f3mico dif\u00edcil, pero inolvidable. Para todos los que formamos esta gran familia digital en Nublo TV, la tarde se convirti\u00f3 en un emocionante ejercicio de paciencia. El pron\u00f3stico era complejo, y las nubes se erigieron como protagonistas, amenazando con robarnos [&hellip;]<\/p>\n","protected":false},"author":1,"featured_media":3335,"comment_status":"open","ping_status":"open","sticky":false,"template":"","format":"standard","meta":{"wpai_generated_summary":"","wpai_meta_description":"","footnotes":""},"categories":[1],"tags":[],"class_list":["post-3207","post","type-post","status-publish","format-standard","has-post-thumbnail","hentry","category-opinion"],"_links":{"self":[{"href":"https:\/\/nublo.tv\/index.php\/wp-json\/wp\/v2\/posts\/3207","targetHints":{"allow":["GET"]}}],"collection":[{"href":"https:\/\/nublo.tv\/index.php\/wp-json\/wp\/v2\/posts"}],"about":[{"href":"https:\/\/nublo.tv\/index.php\/wp-json\/wp\/v2\/types\/post"}],"author":[{"embeddable":true,"href":"https:\/\/nublo.tv\/index.php\/wp-json\/wp\/v2\/users\/1"}],"replies":[{"embeddable":true,"href":"https:\/\/nublo.tv\/index.php\/wp-json\/wp\/v2\/comments?post=3207"}],"version-history":[{"count":3,"href":"https:\/\/nublo.tv\/index.php\/wp-json\/wp\/v2\/posts\/3207\/revisions"}],"predecessor-version":[{"id":3337,"href":"https:\/\/nublo.tv\/index.php\/wp-json\/wp\/v2\/posts\/3207\/revisions\/3337"}],"wp:featuredmedia":[{"embeddable":true,"href":"https:\/\/nublo.tv\/index.php\/wp-json\/wp\/v2\/media\/3335"}],"wp:attachment":[{"href":"https:\/\/nublo.tv\/index.php\/wp-json\/wp\/v2\/media?parent=3207"}],"wp:term":[{"taxonomy":"category","embeddable":true,"href":"https:\/\/nublo.tv\/index.php\/wp-json\/wp\/v2\/categories?post=3207"},{"taxonomy":"post_tag","embeddable":true,"href":"https:\/\/nublo.tv\/index.php\/wp-json\/wp\/v2\/tags?post=3207"}],"curies":[{"name":"wp","href":"https:\/\/api.w.org\/{rel}","templated":true}]}}