{"id":3216,"date":"2026-08-12T09:34:46","date_gmt":"2026-08-12T08:34:46","guid":{"rendered":"https:\/\/nublo.tv\/?p=3216"},"modified":"2026-08-27T12:35:27","modified_gmt":"2026-08-27T11:35:27","slug":"el-festival-raices-guienses-llena-la-plaza-gran-de-de-talento-local-en-una-nueva-y-exitosa-edi-cion","status":"publish","type":"post","link":"https:\/\/nublo.tv\/index.php\/2026\/08\/12\/el-festival-raices-guienses-llena-la-plaza-gran-de-de-talento-local-en-una-nueva-y-exitosa-edi-cion\/","title":{"rendered":"El Festival Ra\u00edces Guienses llena la Plaza Gran-de de talento local en una nueva y exitosa edi-ci\u00f3n"},"content":{"rendered":"<ul>\n<li><strong>La m\u00fasica vuelve esta noche con el espect\u00e1culo <em>El Viaje<\/em> de Keev Carballo<\/strong><\/li>\n<\/ul>\n<p><strong>Gu\u00eda, 12 de agosto de 2026.-<\/strong> La Plaza Grande acogi\u00f3 este martes una nueva edici\u00f3n del Festival <em>Ra\u00edces Guienses<\/em>, una cita musical que reuni\u00f3 a numerosos vecinos y que volvi\u00f3 a poner en valor el talento art\u00edstico de Gu\u00eda a trav\u00e9s de un repertorio que recorri\u00f3 diferentes estilos y \u00e9pocas.<\/p>\n<p>Sobre el escenario estuvo la Bear Band una orquesta integrada por alumnado de las Escuelas Art\u00edsticas y dirigida por Ar\u00edstides Sosa. La formaci\u00f3n acompa\u00f1\u00f3 las voces de Sara Molina, Adonay D\u00edaz y Mar\u00eda Casal, los solistas de esta edici\u00f3n.<\/p>\n<p>El festival fue inaugurado por el alcalde de Gu\u00eda, Alfredo Gon\u00e7alves Ferreira, quien destac\u00f3 la importancia de continuar impulsando este tipo de iniciativas y se mostr\u00f3 \u00aborgulloso de poder celebrar otra edici\u00f3n de Ra\u00edces Guienses, porque si de algo podemos presumir en Gu\u00eda es de talento\u00bb.<\/p>\n<p>El alcalde alab\u00f3 tambi\u00e9n \u00abla constancia y la predisposici\u00f3n de nuestras y nuestros artistas para entregar ese talento en Gu\u00eda\u00bb, ensalzando el trabajo y la implicaci\u00f3n de los integrantes de las Escuelas Art\u00edsticas y de los artistas que participaron en esta edici\u00f3n del festival.<\/p>\n<p>El repertorio de esta edici\u00f3n de Ra\u00edces Guienses ofreci\u00f3 una selecci\u00f3n de temas de diferentes \u00e9pocas y estilos, con canciones como <em>Beatles Bear, Nosotros, Flor p\u00e1lida, The way you make me feel, Englishman in New York, Mi bendici\u00f3n, No puedo vivir sin ti, Don&#8217;t worry, Caballo viejo, Yesterday, Bachata, Lady Marmalade, Boogie Wonderland y Cuando me siento bien<\/em>, entre otros.<\/p>\n<p>Con Ra\u00edces Guienses, el municipio vuelve a ofrecer un espacio donde la ciudadan\u00eda puede disfrutar de la calidad art\u00edstica del municipio, y los artistas pueden mostrar su talento sobre el escenario principal de las Fiestas.<\/p>\n<p>Esta noche, la m\u00fasica vuelve al escenario de la Plaza Grande con el musical <em>El Viaje<\/em> del cantante Keev Carballo.<\/p>\n","protected":false},"excerpt":{"rendered":"<p>La m\u00fasica vuelve esta noche con el espect\u00e1culo El Viaje de Keev Carballo Gu\u00eda, 12 de agosto de 2026.- La Plaza Grande acogi\u00f3 este martes una nueva edici\u00f3n del Festival&hellip;<\/p>\n","protected":false},"author":1,"featured_media":3217,"comment_status":"open","ping_status":"open","sticky":false,"template":"","format":"standard","meta":{"wpai_generated_summary":"","wpai_meta_description":"","footnotes":""},"categories":[138],"tags":[],"class_list":["post-3216","post","type-post","status-publish","format-standard","has-post-thumbnail","hentry","category-ayuntamiento-de-santa-maria-de-guia"],"_links":{"self":[{"href":"https:\/\/nublo.tv\/index.php\/wp-json\/wp\/v2\/posts\/3216","targetHints":{"allow":["GET"]}}],"collection":[{"href":"https:\/\/nublo.tv\/index.php\/wp-json\/wp\/v2\/posts"}],"about":[{"href":"https:\/\/nublo.tv\/index.php\/wp-json\/wp\/v2\/types\/post"}],"author":[{"embeddable":true,"href":"https:\/\/nublo.tv\/index.php\/wp-json\/wp\/v2\/users\/1"}],"replies":[{"embeddable":true,"href":"https:\/\/nublo.tv\/index.php\/wp-json\/wp\/v2\/comments?post=3216"}],"version-history":[{"count":1,"href":"https:\/\/nublo.tv\/index.php\/wp-json\/wp\/v2\/posts\/3216\/revisions"}],"predecessor-version":[{"id":3224,"href":"https:\/\/nublo.tv\/index.php\/wp-json\/wp\/v2\/posts\/3216\/revisions\/3224"}],"wp:featuredmedia":[{"embeddable":true,"href":"https:\/\/nublo.tv\/index.php\/wp-json\/wp\/v2\/media\/3217"}],"wp:attachment":[{"href":"https:\/\/nublo.tv\/index.php\/wp-json\/wp\/v2\/media?parent=3216"}],"wp:term":[{"taxonomy":"category","embeddable":true,"href":"https:\/\/nublo.tv\/index.php\/wp-json\/wp\/v2\/categories?post=3216"},{"taxonomy":"post_tag","embeddable":true,"href":"https:\/\/nublo.tv\/index.php\/wp-json\/wp\/v2\/tags?post=3216"}],"curies":[{"name":"wp","href":"https:\/\/api.w.org\/{rel}","templated":true}]}}