{"id":3239,"date":"2026-08-12T13:17:21","date_gmt":"2026-08-12T12:17:21","guid":{"rendered":"https:\/\/nublo.tv\/?p=3239"},"modified":"2026-08-27T12:35:27","modified_gmt":"2026-08-27T11:35:27","slug":"toma-posesion-en-el-ayuntamiento-de-galdar-un-nuevo-tesorero","status":"publish","type":"post","link":"https:\/\/nublo.tv\/index.php\/2026\/08\/12\/toma-posesion-en-el-ayuntamiento-de-galdar-un-nuevo-tesorero\/","title":{"rendered":"Toma posesi\u00f3n en el Ayuntamiento de G\u00e1ldar un nuevo Tesorero"},"content":{"rendered":"<p>El Ayuntamiento de G\u00e1ldar cuenta ya con nuevo Tesorero tras la toma de posesi\u00f3n de Jord\u00e1n Carmelo Jim\u00e9nez Hern\u00e1ndez, funcionario de Administraci\u00f3n Local con habilitaci\u00f3n de car\u00e1cter nacional, Subescala de Intervenci\u00f3n-Tesorer\u00eda, categor\u00eda de Entrada. <\/p>\n<p>El nuevo tesorero jur\u00f3 el cargo ante el alcalde de la ciudad, Teodoro Sosa Monz\u00f3n; Valeria Guerra, concejala de Hacienda; la vicesecretaria del Ayuntamiento, Mar\u00eda del Carmen Zarzo Lobeira y concejales de la corporaci\u00f3n municipal en un acto p\u00fablico que tuvo lugar en las Casas Consistoriales este martes 11 de agosto. <\/p>\n<p>El alcalde felicit\u00f3 al nuevo Tesorero, dese\u00e1ndole lo mejor en el desempe\u00f1o de sus funciones y su contribuci\u00f3n al buen funcionamiento del Ayuntamiento. El nombramiento deriva de la Orden TDF\/822\/2026, de 28 de julio, publicada en el Bolet\u00edn Oficial del Estado de 5 de agosto de 2026, por la que se nombra personal funcionario de carrera de la Escala de funcionarios de Administraci\u00f3n Local con habilitaci\u00f3n de car\u00e1cter nacional y se asigna primer destino.<\/p>\n","protected":false},"excerpt":{"rendered":"<p>El Ayuntamiento de G\u00e1ldar cuenta ya con nuevo Tesorero tras la toma de posesi\u00f3n de Jord\u00e1n Carmelo Jim\u00e9nez Hern\u00e1ndez, funcionario de Administraci\u00f3n Local con habilitaci\u00f3n de car\u00e1cter nacional, Subescala de&hellip;<\/p>\n","protected":false},"author":1,"featured_media":3240,"comment_status":"open","ping_status":"open","sticky":false,"template":"","format":"standard","meta":{"wpai_generated_summary":"","wpai_meta_description":"","footnotes":""},"categories":[129],"tags":[],"class_list":["post-3239","post","type-post","status-publish","format-standard","has-post-thumbnail","hentry","category-ayuntamiento-de-galdar"],"_links":{"self":[{"href":"https:\/\/nublo.tv\/index.php\/wp-json\/wp\/v2\/posts\/3239","targetHints":{"allow":["GET"]}}],"collection":[{"href":"https:\/\/nublo.tv\/index.php\/wp-json\/wp\/v2\/posts"}],"about":[{"href":"https:\/\/nublo.tv\/index.php\/wp-json\/wp\/v2\/types\/post"}],"author":[{"embeddable":true,"href":"https:\/\/nublo.tv\/index.php\/wp-json\/wp\/v2\/users\/1"}],"replies":[{"embeddable":true,"href":"https:\/\/nublo.tv\/index.php\/wp-json\/wp\/v2\/comments?post=3239"}],"version-history":[{"count":1,"href":"https:\/\/nublo.tv\/index.php\/wp-json\/wp\/v2\/posts\/3239\/revisions"}],"predecessor-version":[{"id":3241,"href":"https:\/\/nublo.tv\/index.php\/wp-json\/wp\/v2\/posts\/3239\/revisions\/3241"}],"wp:featuredmedia":[{"embeddable":true,"href":"https:\/\/nublo.tv\/index.php\/wp-json\/wp\/v2\/media\/3240"}],"wp:attachment":[{"href":"https:\/\/nublo.tv\/index.php\/wp-json\/wp\/v2\/media?parent=3239"}],"wp:term":[{"taxonomy":"category","embeddable":true,"href":"https:\/\/nublo.tv\/index.php\/wp-json\/wp\/v2\/categories?post=3239"},{"taxonomy":"post_tag","embeddable":true,"href":"https:\/\/nublo.tv\/index.php\/wp-json\/wp\/v2\/tags?post=3239"}],"curies":[{"name":"wp","href":"https:\/\/api.w.org\/{rel}","templated":true}]}}