{"id":3243,"date":"2026-08-12T13:37:01","date_gmt":"2026-08-12T12:37:01","guid":{"rendered":"https:\/\/nublo.tv\/?p=3243"},"modified":"2026-08-29T08:57:49","modified_gmt":"2026-08-29T07:57:49","slug":"el-ayuntamiento-anuncia-cortes-de-trafico-y-cambios-de-aparcamiento-por-el-festival-palmeras-2026","status":"publish","type":"post","link":"https:\/\/nublo.tv\/index.php\/2026\/08\/12\/el-ayuntamiento-anuncia-cortes-de-trafico-y-cambios-de-aparcamiento-por-el-festival-palmeras-2026\/","title":{"rendered":"El Ayuntamiento anuncia cortes de tr\u00e1fico y cambios de aparcamiento por el Festival Palmeras 2026"},"content":{"rendered":"<div class=\"fusion-fullwidth fullwidth-box fusion-builder-row-1 fusion-flex-container nonhundred-percent-fullwidth non-hundred-percent-height-scrolling\" style=\"--awb-border-radius-top-left:0px;--awb-border-radius-top-right:0px;--awb-border-radius-bottom-right:0px;--awb-border-radius-bottom-left:0px;--awb-flex-wrap:wrap\">\n<div class=\"fusion-builder-row fusion-row fusion-flex-align-items-flex-start fusion-flex-content-wrap\" style=\"max-width:1248px;margin-left: calc(-4% \/ 2 );margin-right: calc(-4% \/ 2 )\">\n<div class=\"fusion-layout-column fusion_builder_column fusion-builder-column-0 fusion_builder_column_1_1 1_1 fusion-flex-column\" style=\"--awb-bg-size:cover;--awb-width-large:100%;--awb-margin-top-large:0px;--awb-spacing-right-large:1.92%;--awb-margin-bottom-large:0px;--awb-spacing-left-large:1.92%;--awb-width-medium:100%;--awb-order-medium:0;--awb-spacing-right-medium:1.92%;--awb-spacing-left-medium:1.92%;--awb-width-small:100%;--awb-order-small:0;--awb-spacing-right-small:1.92%;--awb-spacing-left-small:1.92%\" data-scroll-devices=\"small-visibility,medium-visibility,large-visibility\">\n<div class=\"fusion-column-wrapper fusion-column-has-shadow fusion-flex-justify-content-space-between fusion-content-layout-column\">\n<div class=\"fusion-text fusion-text-1\">\n<p>La Concejal\u00eda de Tr\u00e1fico, dirigida por V\u00edctor Hern\u00e1ndez, ha establecido cortes de v\u00eda y restricciones de aparcamiento desde el jueves 13 de agosto para garantizar la seguridad y el buen desarrollo del evento<\/p>\n<p>El Ayuntamiento de La Aldea de San Nicol\u00e1s, a trav\u00e9s de la Concejal\u00eda de Tr\u00e1fico y Seguridad Ciudadana, informa a todos los vecinos y vecinas de los cambios en la circulaci\u00f3n y el estacionamiento que se llevar\u00e1n a cabo con motivo del esperado &#8216;Festival Musical Palmeras 2026&#8217;. Para asegurar el buen funcionamiento del evento, as\u00ed como el correcto montaje y desmontaje de las infraestructuras, se ha dise\u00f1ado un plan especial de tr\u00e1fico que contempla cortes de calles y zonas con prohibici\u00f3n de aparcamiento en los aleda\u00f1os de la Avenida de San Nicol\u00e1s.<\/p>\n<p>Para facilitar las labores de instalaci\u00f3n y montaje de las infraestructuras, se proceder\u00e1 al corte del tr\u00e1fico en la zona superior de la Avenida de San Nicol\u00e1s, concretamente en el tramo pegado al antiguo cementerio, la calle Juan XXIII y el vial de acceso de la calle Rom\u00e1n Rodr\u00edguez Rodr\u00edguez. Esta medida estar\u00e1 vigente desde el jueves 13 de agosto a las 17:00 horas hasta el domingo 16 de agosto a las 22:00 horas.<\/p>\n<p>Posteriormente, durante la propia celebraci\u00f3n del evento, el cierre al tr\u00e1fico se trasladar\u00e1 a la zona centro del festival. De esta forma, desde el s\u00e1bado 15 de agosto a las 19:00 horas y hasta el domingo 16 de agosto a las 07:00 horas, quedar\u00e1 cortada la Avenida de San Nicol\u00e1s desde la rotonda con la calle Federico Rodr\u00edguez Gil hasta su confluencia con la calle Juan XXIII, la calle Islas Canarias y el vial de acceso desde Rom\u00e1n Rodr\u00edguez Rodr\u00edguez.<\/p>\n<p>Una vez finalizada la gran noche, dar\u00e1n comienzo las tareas de desmontaje el domingo 16 de agosto. Para acometer estos trabajos de forma segura, se mantendr\u00e1 cerrada la parte superior de la Avenida de San Nicol\u00e1s (junto al cementerio, C\/ Juan XXIII y vial de Rom\u00e1n Rodr\u00edguez) desde las 07:00 hasta las 22:00 horas. Adem\u00e1s, los cortes en los terrenos de tierra anexos y en las v\u00edas paralelas a ambos lados de la Avenida estar\u00e1n activos desde las 14:00 hasta las 22:00 horas de ese mismo domingo.<\/p>\n<p>En cuanto a las restricciones de estacionamiento, para garantizar la seguridad y la correcta ubicaci\u00f3n de todos los elementos del festival, quedar\u00e1 totalmente prohibido aparcar en las zonas directamente afectadas. La principal restricci\u00f3n se aplicar\u00e1 en el tramo comprendido desde la calle Ezequiel hasta el cementerio (parte superior). Esta prohibici\u00f3n se adelanta y estar\u00e1 operativa desde este mismo jueves 13 de agosto a las 17:00 horas, manteni\u00e9ndose durante todo el desarrollo de la fiesta. Asimismo, esta medida se extiende a los terrenos de tierra anexos a la Avenida para permitir su cierre total.<\/p>\n<p>Desde la Concejal\u00eda de Tr\u00e1fico piden disculpas de antemano por las molestias temporales que estas restricciones puedan ocasionar. \u00abAgradecemos enormemente la comprensi\u00f3n y colaboraci\u00f3n de toda la ciudadan\u00eda. Estas medidas son un esfuerzo necesario dentro de nuestro plan de seguridad para que todos podamos disfrutar del Festival Palmeras 2026 con total tranquilidad y garant\u00edas\u00bb, ha se\u00f1alado el concejal del \u00e1rea, V\u00edctor Hern\u00e1ndez.<\/p>\n<p>Por \u00faltimo, se ruega a todos los conductores que presten especial atenci\u00f3n a la se\u00f1alizaci\u00f3n provisional instalada en la zona y que sigan en todo momento las indicaciones de la Polic\u00eda Local y de los operarios municipales.<\/p>\n<\/div>\n<\/div>\n<\/div>\n<\/div>\n<\/div>\n<p>es\u00bb>La Aldea<\/a>.<\/p>\n","protected":false},"excerpt":{"rendered":"<p>La Concejal\u00eda de Tr\u00e1fico, dirigida por V\u00edctor Hern\u00e1ndez, ha establecido cortes de v\u00eda y restricciones de aparcamiento desde el jueves 13 de agosto para garantizar la seguridad y el buen&hellip;<\/p>\n","protected":false},"author":1,"featured_media":3244,"comment_status":"open","ping_status":"open","sticky":false,"template":"","format":"standard","meta":{"wpai_generated_summary":"","wpai_meta_description":"","footnotes":""},"categories":[131],"tags":[],"class_list":["post-3243","post","type-post","status-publish","format-standard","has-post-thumbnail","hentry","category-ayuntamiento-de-la-aldea-de-san-nicolas"],"_links":{"self":[{"href":"https:\/\/nublo.tv\/index.php\/wp-json\/wp\/v2\/posts\/3243","targetHints":{"allow":["GET"]}}],"collection":[{"href":"https:\/\/nublo.tv\/index.php\/wp-json\/wp\/v2\/posts"}],"about":[{"href":"https:\/\/nublo.tv\/index.php\/wp-json\/wp\/v2\/types\/post"}],"author":[{"embeddable":true,"href":"https:\/\/nublo.tv\/index.php\/wp-json\/wp\/v2\/users\/1"}],"replies":[{"embeddable":true,"href":"https:\/\/nublo.tv\/index.php\/wp-json\/wp\/v2\/comments?post=3243"}],"version-history":[{"count":2,"href":"https:\/\/nublo.tv\/index.php\/wp-json\/wp\/v2\/posts\/3243\/revisions"}],"predecessor-version":[{"id":18117,"href":"https:\/\/nublo.tv\/index.php\/wp-json\/wp\/v2\/posts\/3243\/revisions\/18117"}],"wp:featuredmedia":[{"embeddable":true,"href":"https:\/\/nublo.tv\/index.php\/wp-json\/wp\/v2\/media\/3244"}],"wp:attachment":[{"href":"https:\/\/nublo.tv\/index.php\/wp-json\/wp\/v2\/media?parent=3243"}],"wp:term":[{"taxonomy":"category","embeddable":true,"href":"https:\/\/nublo.tv\/index.php\/wp-json\/wp\/v2\/categories?post=3243"},{"taxonomy":"post_tag","embeddable":true,"href":"https:\/\/nublo.tv\/index.php\/wp-json\/wp\/v2\/tags?post=3243"}],"curies":[{"name":"wp","href":"https:\/\/api.w.org\/{rel}","templated":true}]}}