{"id":3245,"date":"2026-08-12T13:37:06","date_gmt":"2026-08-12T12:37:06","guid":{"rendered":"https:\/\/nublo.tv\/?p=3245"},"modified":"2026-08-27T12:35:27","modified_gmt":"2026-08-27T11:35:27","slug":"bonfanti-estoy-preparado-no-veo-la-hora-de-jugar-en-el-estadio","status":"publish","type":"post","link":"https:\/\/nublo.tv\/index.php\/2026\/08\/12\/bonfanti-estoy-preparado-no-veo-la-hora-de-jugar-en-el-estadio\/","title":{"rendered":"Bonfanti: \u00abEstoy preparado, no veo la hora de jugar en el estadio\u00bb"},"content":{"rendered":"<div class=\"sc-2fbe7211-0 chrvOS MkContainer\">\n<div class=\"sc-2fbe7211-1 kGqrxa\">\n<div class=\"sc-b1735b1-0 eWkhPM\">\n<div class=\"sc-a402e2c6-0 lecDjp MkGrids__area\">\n<div class=\"sc-a402e2c6-1 kLYMxl MkGrids__module MkGrids__module--content\">\n<div class=\"sc-c161b608-0 bsbTXc MkContentNews\">\n<div class=\"sc-18c7f4bf-0 ghQrQ\"><span class=\"sc-18c7f4bf-2 dLLeor MkReactionsList__noreactions_message\">A\u00fan no hay reacciones. \u00a1S\u00e9 el primero!<\/span><\/p>\n<div class=\"sc-4541fe45-0 VIoNW\">\n<div class=\"sc-4541fe45-1 bECroK\">\n<div class=\"sc-4541fe45-2 fDXbHh MkAddReaction__subroot\"><\/div>\n<\/div>\n<\/div>\n<\/div>\n<div class=\"sc-155d1994-0 betKNg MkContentBlocks\">\n<div class=\"sc-1c277da8-0 dKlRLW MkRickText MkContentBlocks__richText\">\n<p class=\"isSelectedEnd\">Luis Helguera, director deportivo de la entidad, fue el encargado de iniciar la presentaci\u00f3n de Giovanni Bonfanti, al que defini\u00f3 como \u00abun jugador de perfil zurdo que tambi\u00e9n puede jugar de lateral. Creo que nos puede ayudar a crear superioridades, tiene capacidad de conducci\u00f3n, buen juego a\u00e9reo y una buena salida de bal\u00f3n. Estamos muy contentos con su llegada\u201d, explic\u00f3 Helguera.<\/p>\n<p class=\"isSelectedEnd\">\u201cLo que m\u00e1s me gusta del club es el amor que le tienen a la camiseta y es lo que m\u00e1s me motiva esta temporada\u201d, fueron las primeras palabras del nuevo jugador amarillo, que llega con la intenci\u00f3n de ponerse al servicio del colectivo desde el primer momento. \u201cEl objetivo que me marco es estar a disposici\u00f3n del equipo y dar lo mejor de m\u00ed para lograr todo lo que nos propongamos\u201d, se\u00f1al\u00f3.<\/p>\n<p class=\"isSelectedEnd\">Bonfanti tambi\u00e9n explic\u00f3 que su adaptaci\u00f3n al f\u00fatbol espa\u00f1ol no supone un problema para su estilo de juego. \u201cEstoy muy acostumbrado a jugar con la pelota. Espa\u00f1a es un pa\u00eds campe\u00f3n del mundo y estoy muy feliz de jugar aqu\u00ed\u201d, indic\u00f3.<\/p>\n<p class=\"isSelectedEnd\">Su llegada a la UD Las Palmas se produjo despu\u00e9s de un contacto que, seg\u00fan reconoci\u00f3, fue r\u00e1pido. \u201cEl contacto con el club fue muy r\u00e1pido y, apenas supe que exist\u00eda la oportunidad, no dud\u00e9 en venir\u201d.<\/p>\n<p class=\"isSelectedEnd\">El defensa italiano tambi\u00e9n habl\u00f3 sobre el dorsal que lucir\u00e1 esta temporada. \u201cEsta ma\u00f1ana hemos estado hablando del peso que tiene el dorsal 21. Voy a dar lo mejor de m\u00ed para demostrar que puedo portarlo\u201d, asegur\u00f3.<\/p>\n<p class=\"isSelectedEnd\">Bonfanti comenz\u00f3 su trayectoria como defensa central, aunque su polivalencia le permite actuar tambi\u00e9n en otras posiciones de la l\u00ednea defensiva. \u201cComenc\u00e9 a jugar como defensa central, pero jugar\u00e9 donde el m\u00edster me necesite. Si es de lateral, no tendr\u00e9 ning\u00fan problema\u201d, explic\u00f3.<\/p>\n<p class=\"isSelectedEnd\">El jugador ya est\u00e1 preparado para afrontar sus primeros minutos con la camiseta amarilla y reconoci\u00f3 sus ganas de encontrarse con la afici\u00f3n en el Estadio Gran Canaria.\u00a0\u201cA la afici\u00f3n le digo que no veo la hora de poder jugar en el estadio. Estoy preparado\u201d, afirm\u00f3.<\/p>\n<p class=\"isSelectedEnd\">Bonfanti se defini\u00f3 fuera del terreno de juego como una persona tranquila, aunque asegur\u00f3 que su car\u00e1cter cambia cuando comienza el partido: \u201cFuera del campo soy una persona muy tranquila, pero en el campo me transformo\u201d.<\/p>\n<p class=\"isSelectedEnd\">Finalmente, el nuevo jugador amarillo confirm\u00f3 que se encuentra en buenas condiciones f\u00edsicas para incorporarse a la din\u00e1mica competitiva: \u201cS\u00ed, me encuentro bien f\u00edsicamente y estoy preparado para debutar\u201d.<\/p>\n<\/div>\n<div class=\"sc-de38491c-0 bvqyni MkContentBlocks__imageWrapper\">\n<div class=\"sc-78b0811a-0 beWJqm\">\n<div class=\"sc-78b0811a-1 cYplci\"><img decoding=\"async\" alt=\"\" role=\"presentation\" data-nimg=\"fill\" class=\"sc-ce5b6a44-0 gOKeXG MkImage MkContentBlocks__image\" style=\"position:absolute;height:100%;width:100%;left:0;top:0;right:0;bottom:0;color:transparent\" src=\"image\/png;base64,iVBORw0KGgoAAAANSUhEUgAAAAEAAAABCAQAAAC1HAwCAAAAC0lEQVR42mNkYAAAAAYAAjCB0C8AAAAASUVORK5CYII=\"><\/div>\n<\/div>\n<\/div>\n<div class=\"sc-de38491c-0 bvqyni MkContentBlocks__imageWrapper\">\n<div class=\"sc-78b0811a-0 beWJqm\">\n<div class=\"sc-78b0811a-1 cYplci\"><img decoding=\"async\" alt=\"\" role=\"presentation\" data-nimg=\"fill\" class=\"sc-ce5b6a44-0 gOKeXG MkImage MkContentBlocks__image\" style=\"position:absolute;height:100%;width:100%;left:0;top:0;right:0;bottom:0;color:transparent\" src=\"image\/png;base64,iVBORw0KGgoAAAANSUhEUgAAAAEAAAABCAQAAAC1HAwCAAAAC0lEQVR42mNkYAAAAAYAAjCB0C8AAAAASUVORK5CYII=\"><\/div>\n<\/div>\n<\/div>\n<\/div>\n<\/div>\n<\/div>\n<div class=\"sc-a402e2c6-1 kLYMxl MkGrids__module MkGrids__module--script\">\n<div class=\"MkModuleScript\"><\/div>\n<\/div>\n<\/div>\n<\/div>\n<\/div>\n<\/div>\n","protected":false},"excerpt":{"rendered":"<p>A\u00fan no hay reacciones. \u00a1S\u00e9 el primero!Luis Helguera, director deportivo de la entidad, fue el encargado de iniciar la presentaci\u00f3n de Giovanni Bonfanti, al que defini\u00f3 como \u00abun jugador de&hellip;<\/p>\n","protected":false},"author":1,"featured_media":3246,"comment_status":"open","ping_status":"open","sticky":false,"template":"","format":"standard","meta":{"wpai_generated_summary":"","wpai_meta_description":"","footnotes":""},"categories":[122],"tags":[],"class_list":["post-3245","post","type-post","status-publish","format-standard","has-post-thumbnail","hentry","category-deportes"],"_links":{"self":[{"href":"https:\/\/nublo.tv\/index.php\/wp-json\/wp\/v2\/posts\/3245","targetHints":{"allow":["GET"]}}],"collection":[{"href":"https:\/\/nublo.tv\/index.php\/wp-json\/wp\/v2\/posts"}],"about":[{"href":"https:\/\/nublo.tv\/index.php\/wp-json\/wp\/v2\/types\/post"}],"author":[{"embeddable":true,"href":"https:\/\/nublo.tv\/index.php\/wp-json\/wp\/v2\/users\/1"}],"replies":[{"embeddable":true,"href":"https:\/\/nublo.tv\/index.php\/wp-json\/wp\/v2\/comments?post=3245"}],"version-history":[{"count":1,"href":"https:\/\/nublo.tv\/index.php\/wp-json\/wp\/v2\/posts\/3245\/revisions"}],"predecessor-version":[{"id":3248,"href":"https:\/\/nublo.tv\/index.php\/wp-json\/wp\/v2\/posts\/3245\/revisions\/3248"}],"wp:featuredmedia":[{"embeddable":true,"href":"https:\/\/nublo.tv\/index.php\/wp-json\/wp\/v2\/media\/3246"}],"wp:attachment":[{"href":"https:\/\/nublo.tv\/index.php\/wp-json\/wp\/v2\/media?parent=3245"}],"wp:term":[{"taxonomy":"category","embeddable":true,"href":"https:\/\/nublo.tv\/index.php\/wp-json\/wp\/v2\/categories?post=3245"},{"taxonomy":"post_tag","embeddable":true,"href":"https:\/\/nublo.tv\/index.php\/wp-json\/wp\/v2\/tags?post=3245"}],"curies":[{"name":"wp","href":"https:\/\/api.w.org\/{rel}","templated":true}]}}