{"id":325,"date":"2026-08-04T17:32:55","date_gmt":"2026-08-04T16:32:55","guid":{"rendered":"https:\/\/nublo.tv\/?p=325"},"modified":"2026-08-04T17:32:55","modified_gmt":"2026-08-04T16:32:55","slug":"el-area-recreativa-de-los-granadillos-permanece-cerrado-el-fin-de-semana-por-la-ola-de-calor","status":"publish","type":"post","link":"https:\/\/nublo.tv\/index.php\/2026\/08\/04\/el-area-recreativa-de-los-granadillos-permanece-cerrado-el-fin-de-semana-por-la-ola-de-calor\/","title":{"rendered":"El \u00c1rea Recreativa de Los Granadillos permanece cerrado el fin de semana por la ola de calor"},"content":{"rendered":"<p><strong>Se hace un llamamiento a la poblaci\u00f3n ante la alerta por riesgo de incendios forestales y altas temperaturas en toda la isla.<\/strong><\/p>\n<p>El Ayuntamiento de Teror mantendr\u00e1 cerrado el fin de semana el recinto municipal del \u00c1rea Recreativa de Los Granadillos, el s\u00e1bado y domingo, 1 y 2 de agosto, ante los episodios de altas temperaturas previstos para los pr\u00f3ximos d\u00edas y <span data-olk-copy-source=\"MessageBody\">como medida preventiva ante la situaci\u00f3n de alerta por riesgo de incendios forestales.\u00a0<\/span><\/p>\n<p>Al mismo tiempo se hace un llamamiento a la ciudadan\u00eda para que no haga uso de parques con zonas recreativas exteriores, como el Parque Jos\u00e9 Hern\u00e1ndez, durante la ola de calor, as\u00ed como de las plazas y parques infantiles expuestos a la radiaci\u00f3n solar.<\/p>\n<p>El Cabildo de Gran Canaria tambi\u00e9n ha declarado desde este jueves 30 de julio a las 11:00 horas la alerta por riesgo de incendios forestales y altas temperaturas en toda la isla a partir de la cota de los 400 metros, afectando al cierre de la Finca de Osorio.<\/p>\n<p class=\"x_MsoNormal\"><span data-olk-copy-source=\"MessageBody\">El Gobierno de Canarias ha activado la situaci\u00f3n de alerta por riesgo de incendios forestales, atendiendo a las condiciones meteorol\u00f3gicas previstas y al incremento del riesgo asociado a las altas temperaturas.<\/span><\/p>\n<p class=\"x_MsoNormal\">Por todo ello, y atendiendo a criterios de prevenci\u00f3n y seguridad, el Ayuntamiento ha determinado el cierre temporal de la Zona Recreativa Municipal de Los Granadillos durante todo el fin de semana, quedando suspendido su uso mientras se mantengan estas circunstancias.\u00a0En cuanto con las <b>reservas ya formalizadas para los d\u00edas 1 y 2 de agosto<\/b>, se ofrecer\u00e1 a las personas afectadas la posibilidad de\u00a0<b>cambiar su reserva a una nueva fecha disponible<\/b>. En caso de que no deseen realizar dicho cambio, podr\u00e1n solicitar\u00a0<b>la devoluci\u00f3n \u00edntegra del importe abonado por el uso de las instalaciones<\/b>.<\/p>\n<p class=\"x_MsoNormal\">El Ayuntamiento de Teror lamenta las molestias que esta medida pueda ocasionar y agradeces la comprensi\u00f3n y colaboraci\u00f3n de las personas usuarias, recordando que se trata de una decisi\u00f3n adoptada exclusivamente por razones de <b>seguridad y prevenci\u00f3n ante el elevado riesgo de incendios forestales<\/b>.<\/p>\n<p class=\"x_MsoNormal\"><a href=\"https:\/\/www.gobiernodecanarias.org\/emergencias\/alertas\/Alerta_vigente.html\"><strong><span style=\"color: #0000ff\">M\u00c1XIMA PRECAUCI\u00d3N<\/span> . <span style=\"color: #0000ff\">CONSEJOS PREVENTIVOS\u00a0<\/span><\/strong><\/a><\/p>\n<p class=\"x_MsoNormal\">Ante este episodio de altas temperaturas, se hace un llamamiento a la responsabilidad y a la colaboraci\u00f3n de toda la ciudadan\u00eda para reducir riesgos. La prevenci\u00f3n y la autoprotecci\u00f3n son fundamentales para proteger la salud, el territorio y evitar incendios forestales. Hay que extremar las precauciones y mantener despejadas de vegetaci\u00f3n seca las zonas pr\u00f3ximas a viviendas situadas en el entorno forestal.<\/p>\n<p class=\"placeholder\">\n                                [ Placeholder content for popup link ]<br \/>\n                                <a href=\"https:\/\/www.wpdownloadmanager.com\/\">WordPress Download Manager &#8211; Best Download Management Plugin<\/a>\n                            <\/p>\n","protected":false},"excerpt":{"rendered":"<p>Se hace un llamamiento a la poblaci\u00f3n ante la alerta por riesgo de incendios forestales y altas temperaturas en toda la isla.El Ayuntamiento de Teror mantendr\u00e1 cerrado el fin de&hellip;<\/p>\n","protected":false},"author":21,"featured_media":327,"comment_status":"open","ping_status":"open","sticky":false,"template":"","format":"standard","meta":{"wpai_generated_summary":"","wpai_meta_description":"","footnotes":""},"categories":[141],"tags":[],"class_list":["post-325","post","type-post","status-publish","format-standard","has-post-thumbnail","hentry","category-ayuntamiento-de-teror"],"_links":{"self":[{"href":"https:\/\/nublo.tv\/index.php\/wp-json\/wp\/v2\/posts\/325","targetHints":{"allow":["GET"]}}],"collection":[{"href":"https:\/\/nublo.tv\/index.php\/wp-json\/wp\/v2\/posts"}],"about":[{"href":"https:\/\/nublo.tv\/index.php\/wp-json\/wp\/v2\/types\/post"}],"author":[{"embeddable":true,"href":"https:\/\/nublo.tv\/index.php\/wp-json\/wp\/v2\/users\/21"}],"replies":[{"embeddable":true,"href":"https:\/\/nublo.tv\/index.php\/wp-json\/wp\/v2\/comments?post=325"}],"version-history":[{"count":1,"href":"https:\/\/nublo.tv\/index.php\/wp-json\/wp\/v2\/posts\/325\/revisions"}],"predecessor-version":[{"id":487,"href":"https:\/\/nublo.tv\/index.php\/wp-json\/wp\/v2\/posts\/325\/revisions\/487"}],"wp:featuredmedia":[{"embeddable":true,"href":"https:\/\/nublo.tv\/index.php\/wp-json\/wp\/v2\/media\/327"}],"wp:attachment":[{"href":"https:\/\/nublo.tv\/index.php\/wp-json\/wp\/v2\/media?parent=325"}],"wp:term":[{"taxonomy":"category","embeddable":true,"href":"https:\/\/nublo.tv\/index.php\/wp-json\/wp\/v2\/categories?post=325"},{"taxonomy":"post_tag","embeddable":true,"href":"https:\/\/nublo.tv\/index.php\/wp-json\/wp\/v2\/tags?post=325"}],"curies":[{"name":"wp","href":"https:\/\/api.w.org\/{rel}","templated":true}]}}