{"id":3253,"date":"2026-08-12T16:39:48","date_gmt":"2026-08-12T15:39:48","guid":{"rendered":"https:\/\/nublo.tv\/?p=3253"},"modified":"2026-08-27T12:35:27","modified_gmt":"2026-08-27T11:35:27","slug":"el-torneo-juan-guedes-cumple-este-jueves-su-53a-edicion","status":"publish","type":"post","link":"https:\/\/nublo.tv\/index.php\/2026\/08\/12\/el-torneo-juan-guedes-cumple-este-jueves-su-53a-edicion\/","title":{"rendered":"El Torneo Juan Guedes cumple este jueves su 53\u00aa edici\u00f3n"},"content":{"rendered":"<div class=\"et-l et-l--post\">\n<div class=\"et_builder_inner_content et_pb_gutters3\">\n<div class=\"et_pb_section et_pb_section_0 et_section_regular\">\n<div class=\"et_pb_row et_pb_row_0\">\n<div class=\"et_pb_column et_pb_column_4_4 et_pb_column_0  et_pb_css_mix_blend_mode_passthrough et-last-child\">\n<div class=\"et_pb_module et_pb_text et_pb_text_0  et_pb_text_align_left et_pb_bg_layout_light\">\n<div class=\"et_pb_text_inner\">\n<p>El Campo Manuel Jim\u00e9nez Rosales acoger\u00e1 ma\u00f1ana jueves, 13 de agosto, a partir de las 19:30 horas, una nueva edici\u00f3n del Torneo Juan Guedes, que alcanza ya su 53\u00aa edici\u00f3n y que reunir\u00e1 sobre el c\u00e9sped a tres grandes equipos en una noche marcada por el f\u00fatbol, el compa\u00f1erismo y la tradici\u00f3n.<\/p>\n<p>La cita adquiere adem\u00e1s un significado especial al enmarcarse en los actos conmemorativos del 75\u00ba aniversario del Club de F\u00fatbol Uni\u00f3n Carrizal, contribuyendo a poner en valor la trayectoria y el legado de una entidad estrechamente vinculada a la historia deportiva de El Carrizal. El torneo triangular se celebrar\u00e1, asimismo, en el marco de las fiestas del Buen Suceso, San Roque y San Harag\u00e1n, sum\u00e1ndose a la programaci\u00f3n festiva.<\/p>\n<\/div><\/div>\n<div class=\"et_pb_module et_pb_image et_pb_image_0\">\n<p>\t\t\t\t<span class=\"et_pb_image_wrap \"><img loading=\"lazy\" decoding=\"async\" width=\"565\" height=\"800\" src=\"https:\/\/ingenio.es\/wp-content\/uploads\/2026\/08\/juan-guedes.jpg\" alt=\"\" title=\"juan guedes\" class=\"wp-image-354907\"><\/span>\n\t\t\t<\/div>\n<\/p><\/div>\n<\/p><\/div>\n<\/p><\/div>\n<div class=\"wp_rp_wrap  wp_rp_vertical\" id=\"wp_rp_first\">\n<div class=\"wp_rp_content\"><\/div>\n<\/div><\/div>\n<\/p><\/div>\n<div class=\"swp-content-locator\"><\/div>\n","protected":false},"excerpt":{"rendered":"<p>El Campo Manuel Jim\u00e9nez Rosales acoger\u00e1 ma\u00f1ana jueves, 13 de agosto, a partir de las 19:30 horas, una nueva edici\u00f3n del Torneo Juan Guedes, que alcanza ya su 53\u00aa edici\u00f3n&hellip;<\/p>\n","protected":false},"author":1,"featured_media":3254,"comment_status":"open","ping_status":"open","sticky":false,"template":"","format":"standard","meta":{"wpai_generated_summary":"","wpai_meta_description":"","footnotes":""},"categories":[130],"tags":[],"class_list":["post-3253","post","type-post","status-publish","format-standard","has-post-thumbnail","hentry","category-ayuntamiento-de-ingenio"],"_links":{"self":[{"href":"https:\/\/nublo.tv\/index.php\/wp-json\/wp\/v2\/posts\/3253","targetHints":{"allow":["GET"]}}],"collection":[{"href":"https:\/\/nublo.tv\/index.php\/wp-json\/wp\/v2\/posts"}],"about":[{"href":"https:\/\/nublo.tv\/index.php\/wp-json\/wp\/v2\/types\/post"}],"author":[{"embeddable":true,"href":"https:\/\/nublo.tv\/index.php\/wp-json\/wp\/v2\/users\/1"}],"replies":[{"embeddable":true,"href":"https:\/\/nublo.tv\/index.php\/wp-json\/wp\/v2\/comments?post=3253"}],"version-history":[{"count":1,"href":"https:\/\/nublo.tv\/index.php\/wp-json\/wp\/v2\/posts\/3253\/revisions"}],"predecessor-version":[{"id":3284,"href":"https:\/\/nublo.tv\/index.php\/wp-json\/wp\/v2\/posts\/3253\/revisions\/3284"}],"wp:featuredmedia":[{"embeddable":true,"href":"https:\/\/nublo.tv\/index.php\/wp-json\/wp\/v2\/media\/3254"}],"wp:attachment":[{"href":"https:\/\/nublo.tv\/index.php\/wp-json\/wp\/v2\/media?parent=3253"}],"wp:term":[{"taxonomy":"category","embeddable":true,"href":"https:\/\/nublo.tv\/index.php\/wp-json\/wp\/v2\/categories?post=3253"},{"taxonomy":"post_tag","embeddable":true,"href":"https:\/\/nublo.tv\/index.php\/wp-json\/wp\/v2\/tags?post=3253"}],"curies":[{"name":"wp","href":"https:\/\/api.w.org\/{rel}","templated":true}]}}