{"id":3257,"date":"2026-08-12T16:40:09","date_gmt":"2026-08-12T15:40:09","guid":{"rendered":"https:\/\/nublo.tv\/?p=3257"},"modified":"2026-08-27T12:35:27","modified_gmt":"2026-08-27T11:35:27","slug":"el-ayuntamiento-llevara-este-viernes-una-nueva-jornada-de-parque-aventura-al-barrio-de-el-polvorin","status":"publish","type":"post","link":"https:\/\/nublo.tv\/index.php\/2026\/08\/12\/el-ayuntamiento-llevara-este-viernes-una-nueva-jornada-de-parque-aventura-al-barrio-de-el-polvorin\/","title":{"rendered":"El Ayuntamiento llevar\u00e1 este viernes una nueva jornada de &#8216;Parque Aventura&#8217; al barrio de El Polvor\u00edn"},"content":{"rendered":"<div class=\"image col-sm-6 pull-right\">\n<div class=\"saga-imagen \">\n\t\t<a href=\"\/export\/sites\/laspalmasgc\/.galleries\/imagenes-noticias-2026\/Parque-Aventura-en-el-Residencial-Cruz-de-Piedra-20260812.png\" title=\"El Ayuntamiento llevar\u00e1 este viernes una nueva jornada de &apos;Parque Aventura&apos; al barrio de El Polvor\u00edn\" class=\"wrapper-image zoom-filter \"><br \/>\n\t\t\t\t\t<span class=\"sr-only\">Ampliar imagen<\/span><\/p>\n<div class=\"overlay-zoom\">\n\t\t\t\t\t\t<img loading=\"lazy\" decoding=\"async\" class=\"img-responsive\" src=\"\/export\/sites\/laspalmasgc\/.galleries\/imagenes-noticias-2026\/Parque-Aventura-en-el-Residencial-Cruz-de-Piedra-20260812.png_1409043837.png\" width=\"900\" height=\"651\" alt=\"El Ayuntamiento llevar\u00e1 este viernes una nueva jornada de &apos;Parque Aventura&apos; al barrio de El Polvor\u00edn\"><\/p>\n<div class=\"zoom-icon\">\n\t                    \t<span class=\"fa fa-search-plus\" aria-hidden=\"true\"><\/span>\n\t                    <\/div>\n<\/p><\/div>\n<p>\t\t\t\t<\/a>\n\t\t\t<\/div>\n<\/p><\/div>\n<div class=\"container-fluid\">\n<p>La actividad gratuita se celebrar\u00e1 de 17:30 a 19:30 horas e incluir\u00e1 juegos, talleres y propuestas de animaci\u00f3n para ni\u00f1os y ni\u00f1as de hasta 12 a\u00f1os<br \/>Las Palmas de Gran Canaria, 12 de agosto de 2026. El Ayuntamiento de Las Palmas de Gran Canaria, a trav\u00e9s de la Concejal\u00eda del Distrito Ciudad Alta, celebrar\u00e1 este viernes 14 de agosto una nueva jornada de \u2018Parque Aventura\u2019, una iniciativa de dinamizaci\u00f3n comunitaria que llevar\u00e1 actividades gratuitas de ocio y animaci\u00f3n a los barrios durante el periodo estival.<br \/>La actividad tendr\u00e1 lugar en la plaza situada en la calle Le\u00f3n XIII, junto a Protecci\u00f3n Civil, en El Polvor\u00edn, en horario de 17:30 a 19:30 horas. La propuesta est\u00e1 dirigida especialmente a ni\u00f1os y ni\u00f1as de hasta 12 a\u00f1os, que podr\u00e1n participar junto a sus familias en juegos, talleres, actividades l\u00fadicas y diferentes propuestas de animaci\u00f3n.<br \/>La concejala del Distrito Ciudad Alta, Betsaida Gonz\u00e1lez, ha destacado la importancia de seguir generando espacios de encuentro en los barrios durante el verano. \u201cCon \u2018Parque Aventura\u2019 queremos que los ni\u00f1os y ni\u00f1as puedan disfrutar de actividades gratuitas y, al mismo tiempo, que las familias encuentren en las plazas de sus barrios espacios para compartir, jugar y convivir durante las tardes de verano\u201d, ha se\u00f1alado.<br \/>La jornada de este viernes forma parte del recorrido que \u2018Parque Aventura\u2019 est\u00e1 desarrollando durante los meses de julio y agosto por diferentes espacios p\u00fablicos del Distrito Ciudad Alta. Tras la cita de El Polvor\u00edn, la iniciativa continuar\u00e1 el 21 de agosto en el Espacio Multideportivo de Las Torres y concluir\u00e1 el 28 de agosto en la Plaza Escultor Eduardo Gregorio, en Las Chumberas.<br \/>Con esta programaci\u00f3n, el Distrito Ciudad Alta contin\u00faa impulsando actividades de proximidad que favorecen la dinamizaci\u00f3n de los barrios y ofrecen alternativas de ocio saludable y gratuito para la poblaci\u00f3n infantil, juvenil y sus familias.<\/p>\n<\/div>\n","protected":false},"excerpt":{"rendered":"<p>Ampliar imagen La actividad gratuita se celebrar\u00e1 de 17:30 a 19:30 horas e incluir\u00e1 juegos, talleres y propuestas de animaci\u00f3n para ni\u00f1os y ni\u00f1as de hasta 12 a\u00f1osLas Palmas de&hellip;<\/p>\n","protected":false},"author":1,"featured_media":3258,"comment_status":"open","ping_status":"open","sticky":false,"template":"","format":"standard","meta":{"wpai_generated_summary":"","wpai_meta_description":"","footnotes":""},"categories":[132],"tags":[],"class_list":["post-3257","post","type-post","status-publish","format-standard","has-post-thumbnail","hentry","category-ayuntamiento-de-las-palmas-de-gran-canaria"],"_links":{"self":[{"href":"https:\/\/nublo.tv\/index.php\/wp-json\/wp\/v2\/posts\/3257","targetHints":{"allow":["GET"]}}],"collection":[{"href":"https:\/\/nublo.tv\/index.php\/wp-json\/wp\/v2\/posts"}],"about":[{"href":"https:\/\/nublo.tv\/index.php\/wp-json\/wp\/v2\/types\/post"}],"author":[{"embeddable":true,"href":"https:\/\/nublo.tv\/index.php\/wp-json\/wp\/v2\/users\/1"}],"replies":[{"embeddable":true,"href":"https:\/\/nublo.tv\/index.php\/wp-json\/wp\/v2\/comments?post=3257"}],"version-history":[{"count":1,"href":"https:\/\/nublo.tv\/index.php\/wp-json\/wp\/v2\/posts\/3257\/revisions"}],"predecessor-version":[{"id":3290,"href":"https:\/\/nublo.tv\/index.php\/wp-json\/wp\/v2\/posts\/3257\/revisions\/3290"}],"wp:featuredmedia":[{"embeddable":true,"href":"https:\/\/nublo.tv\/index.php\/wp-json\/wp\/v2\/media\/3258"}],"wp:attachment":[{"href":"https:\/\/nublo.tv\/index.php\/wp-json\/wp\/v2\/media?parent=3257"}],"wp:term":[{"taxonomy":"category","embeddable":true,"href":"https:\/\/nublo.tv\/index.php\/wp-json\/wp\/v2\/categories?post=3257"},{"taxonomy":"post_tag","embeddable":true,"href":"https:\/\/nublo.tv\/index.php\/wp-json\/wp\/v2\/tags?post=3257"}],"curies":[{"name":"wp","href":"https:\/\/api.w.org\/{rel}","templated":true}]}}