{"id":3259,"date":"2026-08-12T16:40:05","date_gmt":"2026-08-12T15:40:05","guid":{"rendered":"https:\/\/nublo.tv\/?p=3259"},"modified":"2026-08-27T12:35:27","modified_gmt":"2026-08-27T11:35:27","slug":"el-ayuntamiento-devuelve-la-musica-en-directo-al-entorno-de-las-canteras-con-musica-viva","status":"publish","type":"post","link":"https:\/\/nublo.tv\/index.php\/2026\/08\/12\/el-ayuntamiento-devuelve-la-musica-en-directo-al-entorno-de-las-canteras-con-musica-viva\/","title":{"rendered":"El Ayuntamiento devuelve la m\u00fasica en directo al entorno de Las Canteras con \u00abM\u00fasica viva\u00bb"},"content":{"rendered":"<div class=\"image col-sm-6 pull-right\">\n<div class=\"saga-imagen \">\n\t\t<a href=\"\/export\/sites\/laspalmasgc\/.galleries\/imagenes-noticias-2026\/PRESENTACION-MUSICA-VIVA-20260812.png\" title=\"El Ayuntamiento devuelve la m\u00fasica en directo al entorno de Las Canteras con \u00abM\u00fasica viva\u00bb\" class=\"wrapper-image zoom-filter \"><br \/>\n\t\t\t\t\t<span class=\"sr-only\">Ampliar imagen<\/span><\/p>\n<div class=\"overlay-zoom\">\n\t\t\t\t\t\t<img loading=\"lazy\" decoding=\"async\" class=\"img-responsive\" src=\"\/export\/sites\/laspalmasgc\/.galleries\/imagenes-noticias-2026\/PRESENTACION-MUSICA-VIVA-20260812.png_513066471.png\" width=\"900\" height=\"600\" alt=\"El Ayuntamiento devuelve la m\u00fasica en directo al entorno de Las Canteras con \u00abM\u00fasica viva\u00bb\"><\/p>\n<div class=\"zoom-icon\">\n\t                    \t<span class=\"fa fa-search-plus\" aria-hidden=\"true\"><\/span>\n\t                    <\/div>\n<\/p><\/div>\n<p>\t\t\t\t<\/a>\n\t\t\t<\/div>\n<\/p><\/div>\n<div class=\"container-fluid\">\n<p>La alcaldesa, Carolina Darias, ha presentado hoy esta iniciativa que tiene como principal objetivo como objetivo poner en valor la m\u00fasica en directo y el talento canario<\/p>\n<p>Pleito y La Cofrad\u00eda, Velvet Flores y Laiv, Hey Chab\u00f3n y Ana Falc\u00f3n Tr\u00edo, OM Dom\u00ednguez y Madrelagua Project, tomar\u00e1n los Jardines del Atl\u00e1ntico, la plaza del Pilar, la plaza de Saulo Tor\u00f3n y el entorno de La C\u00edcer, de agosto a noviembre, siempre a partir de las 19:00 horas<\/p>\n<p>Los primeros conciertos se llevar\u00e1n a cabo en los Jardines del Atl\u00e1ntico y en la plaza del Pilar el 15 de agosto \u00a0<\/p>\n<p>Las Palmas de Gran Canaria, mi\u00e9rcoles 12 de agosto de 2026. El Ayuntamiento de Las Palmas de Gran Canaria estrena el pr\u00f3ximo s\u00e1bado 15 de agosto una nueva iniciativa que tiene como objetivo poner en valor la m\u00fasica en directo y el talento canario, un binomio infalible que adem\u00e1s ocupar\u00e1 un espacio tan atractivo como el entorno de Las Canteras.<\/p>\n<p>La alcaldesa, Carolina Darias, junto con el concejal de Seguridad, Convivencia y Cultura, Josu\u00e9 \u00cd\u00f1iguez, ha presentado hoy esta iniciativa que nace con la vocaci\u00f3n de recuperar la m\u00fasica en directo cerca de la playa y generar un nuevo circuito cultural vinculado a la creaci\u00f3n musical de las islas.<\/p>\n<p>\u00abM\u00fasica Viva\u00bb presentar\u00e1 en la primera entrega dos proyectos tan interesantes como solventes: Pleito y La Cofrad\u00eda, propuestas con car\u00e1cter que mantienen el jazz como conector de una velada que tomar\u00e1 los Jardines del Atl\u00e1ntico. El primero, firmado por Alba Gil Aceytuno, incorpora un sello experimental y vanguardista. El Segundo, jazz en estado puro, da rienda suelta a la expresi\u00f3n individual de cada uno de sus cuatro componentes.<\/p>\n<p>A raz\u00f3n de una cita mensual, a lo largo de septiembre, octubre y noviembre se incorporar\u00e1n Velvet Flores y Laiv, en la plaza del Pilar; Hey Chab\u00f3n y Ana Falc\u00f3n Trio, en Saulo Tor\u00f3n y OM Dom\u00ednguez y Madrelagua Project en el entorno de La C\u00edcer. Esto ser\u00e1 los d\u00edas 12 de septiembre, 10 de octubre y 14 de noviembre, respectivamente, siempre a partir de las 19:00 horas.<\/p>\n<p>\u201cHoy presentamos una iniciativa que parte de una idea muy sencilla, pero que creemos que tiene un enorme potencial: queremos que la m\u00fasica en Las Canteras vuelva a sonar. Y queremos que vuelva a sonar con m\u00fasica hecha aqu\u00ed, con talento canario, con artistas de nuestras islas y, sobre todo, con una programaci\u00f3n que forme parte de la vida cotidiana de la ciudad. Por eso ponemos en marcha \u00abM\u00fasica Viva\u00bb, un nuevo circuito de m\u00fasica en directo en el entorno de la playa de Las Canteras\u201d, ha se\u00f1alado la alcaldesa.<\/p>\n<p>Darias ha explicado que \u201ca partir de ahora, cada mes habr\u00e1 un nuevo escenario y una nueva propuesta musical en distintos puntos del entorno de Las Canteras, construyendo progresivamente un recorrido cultural a lo largo de la playa\u201d. \u201cQueremos que m\u00fasicos, bandas y proyectos art\u00edsticos de las islas encuentren en Las Canteras un escaparate para mostrar su trabajo y generar espacios para la m\u00fasica original, para la creaci\u00f3n propia y para quienes est\u00e1n componiendo, creando y desarrollando nuevos proyectos\u201d, ha a\u00f1adido la alcaldesa.<\/p>\n<p>El concejal de Cultura tambi\u00e9n se\u00f1al\u00f3 la importancia de hacer seguimiento al tejido canario, para \u00e9l \u201cuna forma de reconocer la identidad sonora de la ciudad\u201d. En esta l\u00ednea se manifest\u00f3 al afirmar que esa visibilidad que se quiere dar a las formaciones y artistas del Archipi\u00e9lago forma parte del proyecto de Capital Europea de la Cultura e insisti\u00f3 en que no son conciertos aislados, \u201ces un circuito\u201d, afirm\u00f3.<\/p>\n<p>La siempre concurrida plaza del Pilar, en Guanarteme, acoger\u00e1 en septiembre dos citas vinculadas al pop electr\u00f3nico. De un lado, Velvet Flores, cantautora que brinda un espacio en el que habitar la m\u00fasica. De otro lado, Laiv, proyecto liderado por Leonardo Segovia e impulsado por la atracci\u00f3n que sobre \u00e9l ejerce la exploraci\u00f3n de sonidos, texturas y emociones.<\/p>\n<p>En octubre el ritmo se mover\u00e1 a la otra punta de Las Canteras. La plaza de Saulo Tor\u00f3n pondr\u00e1 en movimiento a todo el que acuda a los conciertos de Hey Chab\u00f3n: reggae, son, cumbia, chacarera, samba, entre otros, con August\u00edn Lapertosa al frente. Ese ser\u00e1 tambi\u00e9n el espacio en el que acercarse a la autor\u00eda de una jovenc\u00edsima Ana Falc\u00f3n que, junto a las violinistas Carolina \u00c1lvarez y Patricia Hurtado dar\u00e1n cuenta de los temas que formar\u00e1n parte de su primer trabajo discogr\u00e1fico.<\/p>\n<p>El c\u00edrculo se cerrar\u00e1 en La C\u00edcer en noviembre con OM Dom\u00ednguez y Madrelagua Project, fusi\u00f3n de g\u00e9neros y rock en una cita tocada por la energ\u00eda de ambos. El explosivo toque de \u00d3scar Dom\u00ednguez D\u00edaz y su singular forma de atravesar g\u00e9neros, as\u00ed como los ecos setenteros de la propuesta de la banda Madrelagua y su dominio del soul, el funk, el indie y el rock alternativo despedir\u00e1n temporalmente \u00abM\u00fasica viva\u00bb, iniciativa que se presenta con vocaci\u00f3n de continuidad y que, gracias a sus programadores: Mario Alonso y \u00c1ngel Clavijo, de Welcome Yonders, mantendr\u00e1 la vista puesta en la escena musical del Archipi\u00e9lago.<\/p>\n<\/div>\n","protected":false},"excerpt":{"rendered":"<p>Ampliar imagen La alcaldesa, Carolina Darias, ha presentado hoy esta iniciativa que tiene como principal objetivo como objetivo poner en valor la m\u00fasica en directo y el talento canario Pleito&hellip;<\/p>\n","protected":false},"author":1,"featured_media":3260,"comment_status":"open","ping_status":"open","sticky":false,"template":"","format":"standard","meta":{"wpai_generated_summary":"","wpai_meta_description":"","footnotes":""},"categories":[132],"tags":[],"class_list":["post-3259","post","type-post","status-publish","format-standard","has-post-thumbnail","hentry","category-ayuntamiento-de-las-palmas-de-gran-canaria"],"_links":{"self":[{"href":"https:\/\/nublo.tv\/index.php\/wp-json\/wp\/v2\/posts\/3259","targetHints":{"allow":["GET"]}}],"collection":[{"href":"https:\/\/nublo.tv\/index.php\/wp-json\/wp\/v2\/posts"}],"about":[{"href":"https:\/\/nublo.tv\/index.php\/wp-json\/wp\/v2\/types\/post"}],"author":[{"embeddable":true,"href":"https:\/\/nublo.tv\/index.php\/wp-json\/wp\/v2\/users\/1"}],"replies":[{"embeddable":true,"href":"https:\/\/nublo.tv\/index.php\/wp-json\/wp\/v2\/comments?post=3259"}],"version-history":[{"count":1,"href":"https:\/\/nublo.tv\/index.php\/wp-json\/wp\/v2\/posts\/3259\/revisions"}],"predecessor-version":[{"id":3289,"href":"https:\/\/nublo.tv\/index.php\/wp-json\/wp\/v2\/posts\/3259\/revisions\/3289"}],"wp:featuredmedia":[{"embeddable":true,"href":"https:\/\/nublo.tv\/index.php\/wp-json\/wp\/v2\/media\/3260"}],"wp:attachment":[{"href":"https:\/\/nublo.tv\/index.php\/wp-json\/wp\/v2\/media?parent=3259"}],"wp:term":[{"taxonomy":"category","embeddable":true,"href":"https:\/\/nublo.tv\/index.php\/wp-json\/wp\/v2\/categories?post=3259"},{"taxonomy":"post_tag","embeddable":true,"href":"https:\/\/nublo.tv\/index.php\/wp-json\/wp\/v2\/tags?post=3259"}],"curies":[{"name":"wp","href":"https:\/\/api.w.org\/{rel}","templated":true}]}}