{"id":3261,"date":"2026-08-12T16:40:00","date_gmt":"2026-08-12T15:40:00","guid":{"rendered":"https:\/\/nublo.tv\/?p=3261"},"modified":"2026-08-27T12:35:27","modified_gmt":"2026-08-27T11:35:27","slug":"las-palmas-de-gran-canaria-celebra-el-dia-internacional-de-la-juventud-con-una-jornada-de-ocio-deporte-y-concienciacion-medioambiental","status":"publish","type":"post","link":"https:\/\/nublo.tv\/index.php\/2026\/08\/12\/las-palmas-de-gran-canaria-celebra-el-dia-internacional-de-la-juventud-con-una-jornada-de-ocio-deporte-y-concienciacion-medioambiental\/","title":{"rendered":"Las Palmas de Gran Canaria celebra el D\u00eda Internacional de la Juventud con una jornada de ocio, deporte y concienciaci\u00f3n medioambiental"},"content":{"rendered":"<div class=\"image col-sm-6 pull-right\">\n<div class=\"saga-imagen \">\n\t\t<a href=\"\/export\/sites\/laspalmasgc\/.galleries\/imagenes-noticias-2026\/Las-Palmas-de-Gran-Canaria-celebra-el-Dia-Internacional-de-la-Juventud-con-una-jornada-de-ocio-deporte-y-concienciacion-medioambiental-20260812.png\" title=\"Las Palmas de Gran Canaria celebra el D\u00eda Internacional de la Juventud con una jornada de ocio, deporte y concienciaci\u00f3n medioambiental\" class=\"wrapper-image zoom-filter \"><br \/>\n\t\t\t\t\t<span class=\"sr-only\">Ampliar imagen<\/span><\/p>\n<div class=\"overlay-zoom\">\n\t\t\t\t\t\t<img loading=\"lazy\" decoding=\"async\" class=\"img-responsive\" src=\"\/export\/sites\/laspalmasgc\/.galleries\/imagenes-noticias-2026\/Las-Palmas-de-Gran-Canaria-celebra-el-Dia-Internacional-de-la-Juventud-con-una-jornada-de-ocio-deporte-y-concienciacion-medioambiental-20260812.png_513066471.png\" width=\"900\" height=\"600\" alt=\"Las Palmas de Gran Canaria celebra el D\u00eda Internacional de la Juventud con una jornada de ocio, deporte y concienciaci\u00f3n medioambiental\"><\/p>\n<div class=\"zoom-icon\">\n\t                    \t<span class=\"fa fa-search-plus\" aria-hidden=\"true\"><\/span>\n\t                    <\/div>\n<\/p><\/div>\n<p>\t\t\t\t<\/a>\n\t\t\t<\/div>\n<\/p><\/div>\n<div class=\"container-fluid\">\n<p>La alcaldesa, Carolina Darias, participa en \u2018Huella Cero\u2019, una actividad de senderismo y sensibilizaci\u00f3n ambiental en El Confital<\/p>\n<p>La programaci\u00f3n municipal se completa con propuestas como la jornada final de la KPOP Campus Week y \u2018Entrenando Cerebritos\u2019, dentro del programa de Ocio Nocturno Saludable<\/p>\n<p>Las Palmas de Gran Canaria, 12 de agosto de 2026. El Ayuntamiento de Las Palmas de Gran Canaria ha celebrado este mi\u00e9rcoles el D\u00eda Internacional de la Juventud con una programaci\u00f3n especial que re\u00fane actividades de ocio, deporte, naturaleza y creatividad en diferentes espacios de la ciudad.<\/p>\n<p>La alcaldesa de Las Palmas de Gran Canaria, Carolina Darias, junto a la concejala de Juventud, Carla Campoamor, se ha sumado a la celebraci\u00f3n de este d\u00eda que se conmemora cada 12 de agosto y que pone en valor a las 80.000 personas j\u00f3venes que viven en Las Palmas de Gran Canaria.<\/p>\n<p>La alcaldesa ha participado en una actividad desarrollada en El Confital que, bajo el lema \u2018Huella Cero\u2019, ha combinado senderismo, aventura y concienciaci\u00f3n medioambiental para acercar a la juventud a uno de los espacios naturales m\u00e1s singulares de la ciudad y sensibilizar sobre el impacto de los residuos y los micropl\u00e1sticos en los oc\u00e9anos.<\/p>\n<p>Darias ha destacado que \u201cen el D\u00eda Internacional de la Juventud el Ayuntamiento quiere sumarse con una iniciativa m\u00e1s de las muchas que llevamos a cabo durante todo el a\u00f1o\u201d. En este sentido, ha explicado que \u2018Huella Cero\u2019 permite que \u201cnuestra gente joven conozca uno de los espacios m\u00e1s singulares de la ciudad, el Confital, y trabajar con ellos y ellas la importancia de conocer nuestro entorno natural, pero tambi\u00e9n la necesidad de dejar huella cero en aquellos espacios que habitamos y transitamos\u201d.<\/p>\n<p>La alcaldesa ha se\u00f1alado, adem\u00e1s, que el Ayuntamiento desarrolla durante todo el a\u00f1o diferentes actividades dirigidas a la poblaci\u00f3n joven y ha recordado que \u201cen el \u00faltimo Pleno aprobamos una declaraci\u00f3n institucional con la juventud para reforzar el impulso y el compromiso con el talento joven de la ciudad en todas sus facetas\u201d. \u201cTambi\u00e9n lo hacemos desde la parte m\u00e1s l\u00fadica y divertida, con actividades propias del verano, junto con una importante labor de concienciaci\u00f3n y de compromiso con la ciudad y con lo que dejamos para el futuro a los dem\u00e1s\u201d, ha a\u00f1adido.<\/p>\n<p>La programaci\u00f3n del D\u00eda Internacional de la Juventud se completa con diferentes propuestas. El Espacio Joven Creativo La Grada acoge la jornada final de la KPOP Campus Week, mientras que la playa de C\u00edcer ser\u00e1 escenario durante la tarde de una nueva actividad dirigida a la poblaci\u00f3n joven. Asimismo, dentro del programa de Ocio Nocturno Saludable se desarrollar\u00e1 \u2018Entrenando Cerebritos\u2019.<\/p>\n<p>Estas iniciativas forman parte de la programaci\u00f3n especial organizada durante esta semana con motivo del D\u00eda Internacional de la Juventud, que incluye diferentes alternativas vinculadas al ocio, el deporte, la naturaleza y la creatividad.<\/p>\n<p>Actividades durante todo el a\u00f1o<\/p>\n<p>La programaci\u00f3n de la Concejal\u00eda de Juventud se extiende durante todo el a\u00f1o con iniciativas que se desarrollan tanto en el Espacio Joven Creativo La Grada como en los centros educativos y otros espacios de la ciudad. Entre ellas se encuentran \u2018Ponte a Cubierto\u2019, con talleres sobre bienestar emocional, educaci\u00f3n sexual, prevenci\u00f3n y convivencia en institutos; \u2018Estirando la cuerda\u2019, dirigido al acompa\u00f1amiento de familias y profesionales durante la adolescencia; as\u00ed como propuestas de ocio saludable como \u2018Noct\u00e1mbulos\u2019.<\/p>\n<p>A estas iniciativas se suma la actividad permanente de La Grada, que acoge talleres, charlas, encuentros, ensayos y propuestas vinculadas a la cultura, la creatividad y la participaci\u00f3n juvenil. El espacio municipal ofrece adem\u00e1s actividades relacionadas con disciplinas como el baile, el teatro, el canto o la escritura, junto con iniciativas formativas y de ocio dirigidas a responder a los diferentes intereses de la poblaci\u00f3n joven.<\/p>\n<\/div>\n","protected":false},"excerpt":{"rendered":"<p>Ampliar imagen La alcaldesa, Carolina Darias, participa en \u2018Huella Cero\u2019, una actividad de senderismo y sensibilizaci\u00f3n ambiental en El Confital La programaci\u00f3n municipal se completa con propuestas como la jornada&hellip;<\/p>\n","protected":false},"author":1,"featured_media":3262,"comment_status":"open","ping_status":"open","sticky":false,"template":"","format":"standard","meta":{"wpai_generated_summary":"","wpai_meta_description":"","footnotes":""},"categories":[132],"tags":[],"class_list":["post-3261","post","type-post","status-publish","format-standard","has-post-thumbnail","hentry","category-ayuntamiento-de-las-palmas-de-gran-canaria"],"_links":{"self":[{"href":"https:\/\/nublo.tv\/index.php\/wp-json\/wp\/v2\/posts\/3261","targetHints":{"allow":["GET"]}}],"collection":[{"href":"https:\/\/nublo.tv\/index.php\/wp-json\/wp\/v2\/posts"}],"about":[{"href":"https:\/\/nublo.tv\/index.php\/wp-json\/wp\/v2\/types\/post"}],"author":[{"embeddable":true,"href":"https:\/\/nublo.tv\/index.php\/wp-json\/wp\/v2\/users\/1"}],"replies":[{"embeddable":true,"href":"https:\/\/nublo.tv\/index.php\/wp-json\/wp\/v2\/comments?post=3261"}],"version-history":[{"count":1,"href":"https:\/\/nublo.tv\/index.php\/wp-json\/wp\/v2\/posts\/3261\/revisions"}],"predecessor-version":[{"id":3288,"href":"https:\/\/nublo.tv\/index.php\/wp-json\/wp\/v2\/posts\/3261\/revisions\/3288"}],"wp:featuredmedia":[{"embeddable":true,"href":"https:\/\/nublo.tv\/index.php\/wp-json\/wp\/v2\/media\/3262"}],"wp:attachment":[{"href":"https:\/\/nublo.tv\/index.php\/wp-json\/wp\/v2\/media?parent=3261"}],"wp:term":[{"taxonomy":"category","embeddable":true,"href":"https:\/\/nublo.tv\/index.php\/wp-json\/wp\/v2\/categories?post=3261"},{"taxonomy":"post_tag","embeddable":true,"href":"https:\/\/nublo.tv\/index.php\/wp-json\/wp\/v2\/tags?post=3261"}],"curies":[{"name":"wp","href":"https:\/\/api.w.org\/{rel}","templated":true}]}}