{"id":3263,"date":"2026-08-12T16:40:18","date_gmt":"2026-08-12T15:40:18","guid":{"rendered":"https:\/\/nublo.tv\/?p=3263"},"modified":"2026-08-27T12:35:27","modified_gmt":"2026-08-27T11:35:27","slug":"santa-lucia-de-tirajana-presenta-un-proyecto-innovador-para-impulsar-la-agenda-2030-mediante-un-sistema-inteligente-de-diagnostico-social","status":"publish","type":"post","link":"https:\/\/nublo.tv\/index.php\/2026\/08\/12\/santa-lucia-de-tirajana-presenta-un-proyecto-innovador-para-impulsar-la-agenda-2030-mediante-un-sistema-inteligente-de-diagnostico-social\/","title":{"rendered":"Santa Luc\u00eda de Tirajana presenta un proyecto innovador para impulsar la Agenda 2030 mediante un sistema inteligente de diagn\u00f3stico social"},"content":{"rendered":"<p>La Concejal\u00eda de Atenci\u00f3n Social y Comunitaria, Infancia y Familia del Ayuntamiento de Santa Luc\u00eda de Tirajana ha presentado una propuesta a la convocatoria estatal de subvenciones para el impulso de la Agenda 2030 en las Entidades Locales con el proyecto <strong>\u201cSanta Luc\u00eda Inclusiva: Sistema Inteligente de Diagn\u00f3stico Social Basado en Evidencias para la Localizaci\u00f3n de los ODS y la Mejora de las Pol\u00edticas P\u00fablicas Municipales\u201d<\/strong>.<\/p>\n<p>La iniciativa tiene como objetivo desarrollar una herramienta que permita transformar los datos generados por los Servicios Sociales municipales en informaci\u00f3n estrat\u00e9gica para mejorar la planificaci\u00f3n, evaluaci\u00f3n y eficacia de las pol\u00edticas p\u00fablicas. El proyecto facilitar\u00e1 la identificaci\u00f3n de necesidades sociales, la detecci\u00f3n temprana de situaciones de vulnerabilidad y una mejor asignaci\u00f3n de los recursos municipales, incorporando la Agenda 2030 como marco de referencia para la acci\u00f3n p\u00fablica.<\/p>\n<p>La propuesta est\u00e1 alineada principalmente con los <strong>ODS 1 (Fin de la pobreza), ODS 2 (Hambre cero), ODS 3 (Salud y bienestar), ODS 5 (Igualdad de g\u00e9nero), ODS 10 (Reducci\u00f3n de las desigualdades), ODS 16 (Instituciones s\u00f3lidas)<\/strong> y <strong>ODS 17 (Alianzas para lograr los objetivos)<\/strong>, permitiendo medir el impacto real de las actuaciones municipales sobre la poblaci\u00f3n y reforzando la toma de decisiones basada en evidencias.<\/p>\n<p>El proyecto contempla adem\u00e1s la creaci\u00f3n de espacios de colaboraci\u00f3n con diferentes agentes sociales, educativos, sanitarios y del \u00e1mbito del conocimiento, reforzando la participaci\u00f3n comunitaria y la gobernanza compartida en el an\u00e1lisis de la realidad social del municipio y en la definici\u00f3n de respuestas m\u00e1s eficaces a los retos sociales existentes.<\/p>\n<p>El concejal de Atenci\u00f3n Social y Comunitaria, Infancia y Familia, <strong>Sa\u00fal Antonio Goyes L\u00f3pez<\/strong>, se\u00f1al\u00f3 que <em>\u201ceste proyecto supone una oportunidad para avanzar hacia unos Servicios Sociales m\u00e1s modernos, eficaces y preventivos. Disponer de informaci\u00f3n objetiva nos permitir\u00e1 anticiparnos a las necesidades de la poblaci\u00f3n, dise\u00f1ar mejores respuestas y garantizar que los recursos p\u00fablicos lleguen de forma m\u00e1s eficiente a quienes m\u00e1s los necesitan\u201d<\/em>.<\/p>\n<p>Asimismo, destac\u00f3 que <em>\u201cla herramienta contribuir\u00e1 a mejorar el trabajo diario de la plantilla municipal, facilitando el an\u00e1lisis de la informaci\u00f3n, reduciendo tareas administrativas y permitiendo que los profesionales puedan dedicar m\u00e1s tiempo a la atenci\u00f3n, el acompa\u00f1amiento y la intervenci\u00f3n directa con las personas y familias del municipio\u201d<\/em>.<\/p>\n<p>Con esta iniciativa, el Ayuntamiento de Santa Luc\u00eda de Tirajana refuerza su compromiso con la innovaci\u00f3n p\u00fablica, la mejora continua de los servicios municipales y la construcci\u00f3n de pol\u00edticas sociales m\u00e1s eficaces, inclusivas y alineadas con los Objetivos de Desarrollo Sostenible.<\/p>\n","protected":false},"excerpt":{"rendered":"<p>La Concejal\u00eda de Atenci\u00f3n Social y Comunitaria, Infancia y Familia del Ayuntamiento de Santa Luc\u00eda de Tirajana ha presentado una propuesta a la convocatoria estatal de subvenciones para el impulso&hellip;<\/p>\n","protected":false},"author":1,"featured_media":0,"comment_status":"open","ping_status":"open","sticky":false,"template":"","format":"standard","meta":{"wpai_generated_summary":"","wpai_meta_description":"","footnotes":""},"categories":[137],"tags":[],"class_list":["post-3263","post","type-post","status-publish","format-standard","hentry","category-ayuntamiento-de-santa-lucia-de-tirajana"],"_links":{"self":[{"href":"https:\/\/nublo.tv\/index.php\/wp-json\/wp\/v2\/posts\/3263","targetHints":{"allow":["GET"]}}],"collection":[{"href":"https:\/\/nublo.tv\/index.php\/wp-json\/wp\/v2\/posts"}],"about":[{"href":"https:\/\/nublo.tv\/index.php\/wp-json\/wp\/v2\/types\/post"}],"author":[{"embeddable":true,"href":"https:\/\/nublo.tv\/index.php\/wp-json\/wp\/v2\/users\/1"}],"replies":[{"embeddable":true,"href":"https:\/\/nublo.tv\/index.php\/wp-json\/wp\/v2\/comments?post=3263"}],"version-history":[{"count":1,"href":"https:\/\/nublo.tv\/index.php\/wp-json\/wp\/v2\/posts\/3263\/revisions"}],"predecessor-version":[{"id":3293,"href":"https:\/\/nublo.tv\/index.php\/wp-json\/wp\/v2\/posts\/3263\/revisions\/3293"}],"wp:attachment":[{"href":"https:\/\/nublo.tv\/index.php\/wp-json\/wp\/v2\/media?parent=3263"}],"wp:term":[{"taxonomy":"category","embeddable":true,"href":"https:\/\/nublo.tv\/index.php\/wp-json\/wp\/v2\/categories?post=3263"},{"taxonomy":"post_tag","embeddable":true,"href":"https:\/\/nublo.tv\/index.php\/wp-json\/wp\/v2\/tags?post=3263"}],"curies":[{"name":"wp","href":"https:\/\/api.w.org\/{rel}","templated":true}]}}