{"id":3268,"date":"2026-08-12T16:40:24","date_gmt":"2026-08-12T15:40:24","guid":{"rendered":"https:\/\/nublo.tv\/?p=3268"},"modified":"2026-08-27T12:35:27","modified_gmt":"2026-08-27T11:35:27","slug":"el-gobierno-de-canarias-declara-la-situacion-de-prealerta-por-temperaturas-maximas-en-gran-canaria-y-tenerife","status":"publish","type":"post","link":"https:\/\/nublo.tv\/index.php\/2026\/08\/12\/el-gobierno-de-canarias-declara-la-situacion-de-prealerta-por-temperaturas-maximas-en-gran-canaria-y-tenerife\/","title":{"rendered":"El Gobierno de Canarias declara la situaci\u00f3n de prealerta por temperaturas m\u00e1ximas en Gran Canaria y Tenerife"},"content":{"rendered":"<p>El Gobierno de Canarias, a trav\u00e9s de la Direcci\u00f3n General de Emergencias, declara la situaci\u00f3n de prealerta por temperaturas m\u00e1ximas en Gran Canaria y Tenerife a partir de las 11:00 horas de ma\u00f1ana, jueves 13 de agosto de 2026.<\/p>\n<p>Esta decisi\u00f3n se toma teniendo en cuenta la informaci\u00f3n facilitada por la Agencia Estatal de Meteorolog\u00eda junto a otras fuentes disponibles y en aplicaci\u00f3n del Plan Espec\u00edfico de Emergencias de Canarias por Riesgos de Fen\u00f3menos Meteorol\u00f3gicos Adversos (PEFMA).<\/p>\n<p><strong>\u00c1mbito territorial:<\/strong><\/p>\n<p>Cumbres y median\u00edas de las vertientes orientadas al sur y oeste, en la isla de Tenerife.<\/p>\n<p>En Gran Canaria, la zona de cumbres, as\u00ed como las median\u00edas altas del norte de la isla y en general las vertientes orientadas al oeste, sur y este de la isla.<\/p>\n<p><strong>Observaciones:<\/strong><\/p>\n<p>Episodio de altas temperaturas que afectar\u00e1 especialmente a las islas centrales del archipi\u00e9lago.<\/p>\n<p>En Gran Canaria, las temperaturas superar\u00e1n de manera generalizada los 34\u00baC en las cumbres y el interior de la mitad suroeste, pudiendo alcanzarse localmente los 37\u00baC.<\/p>\n<p>En Tenerife se superar\u00e1n de manera generalizada los 30\u00baC en todas las cumbres y median\u00edas del oeste y sur de la isla, pudiendo alcanzarse, de manera m\u00e1s local, los 34\u00baC.<\/p>\n<p>Se insta a la poblaci\u00f3n a seguir los siguientes\u00a0<a href=\"https:\/\/www.gobiernodecanarias.org\/emergencias\/alertas\/consejos\/temperaturas\/temperaturas.html\" target=\"_blank\" rel=\"noopener\">consejos de autoprotecci\u00f3n<\/a>\u00a0de la Direcci\u00f3n General de Emergencias.<\/p>\n<p><a href=\"https:\/\/www3.gobiernodecanarias.org\/noticias\/wp-content\/uploads\/2026\/08\/Declaracion-50-2026-PEFMA-PA-TA-GC-y-TF-firmada-1.pdf\">Declaraci\u00f3n 50 2026 PEFMA PA TA GC y TF firmada<\/a><\/p>\n","protected":false},"excerpt":{"rendered":"<p>El Gobierno de Canarias, a trav\u00e9s de la Direcci\u00f3n General de Emergencias, declara la situaci\u00f3n de prealerta por temperaturas m\u00e1ximas en Gran Canaria y Tenerife a partir de las 11:00&hellip;<\/p>\n","protected":false},"author":1,"featured_media":3295,"comment_status":"open","ping_status":"open","sticky":false,"template":"","format":"standard","meta":{"wpai_generated_summary":"","wpai_meta_description":"","footnotes":""},"categories":[121],"tags":[],"class_list":["post-3268","post","type-post","status-publish","format-standard","has-post-thumbnail","hentry","category-noticias"],"_links":{"self":[{"href":"https:\/\/nublo.tv\/index.php\/wp-json\/wp\/v2\/posts\/3268","targetHints":{"allow":["GET"]}}],"collection":[{"href":"https:\/\/nublo.tv\/index.php\/wp-json\/wp\/v2\/posts"}],"about":[{"href":"https:\/\/nublo.tv\/index.php\/wp-json\/wp\/v2\/types\/post"}],"author":[{"embeddable":true,"href":"https:\/\/nublo.tv\/index.php\/wp-json\/wp\/v2\/users\/1"}],"replies":[{"embeddable":true,"href":"https:\/\/nublo.tv\/index.php\/wp-json\/wp\/v2\/comments?post=3268"}],"version-history":[{"count":1,"href":"https:\/\/nublo.tv\/index.php\/wp-json\/wp\/v2\/posts\/3268\/revisions"}],"predecessor-version":[{"id":3294,"href":"https:\/\/nublo.tv\/index.php\/wp-json\/wp\/v2\/posts\/3268\/revisions\/3294"}],"wp:featuredmedia":[{"embeddable":true,"href":"https:\/\/nublo.tv\/index.php\/wp-json\/wp\/v2\/media\/3295"}],"wp:attachment":[{"href":"https:\/\/nublo.tv\/index.php\/wp-json\/wp\/v2\/media?parent=3268"}],"wp:term":[{"taxonomy":"category","embeddable":true,"href":"https:\/\/nublo.tv\/index.php\/wp-json\/wp\/v2\/categories?post=3268"},{"taxonomy":"post_tag","embeddable":true,"href":"https:\/\/nublo.tv\/index.php\/wp-json\/wp\/v2\/tags?post=3268"}],"curies":[{"name":"wp","href":"https:\/\/api.w.org\/{rel}","templated":true}]}}