{"id":3276,"date":"2026-08-12T16:39:39","date_gmt":"2026-08-12T15:39:39","guid":{"rendered":"https:\/\/nublo.tv\/?p=3276"},"modified":"2026-08-27T12:35:27","modified_gmt":"2026-08-27T11:35:27","slug":"fontanales-celebra-san-bartolome-con-la-feria-km-0-gran-canaria","status":"publish","type":"post","link":"https:\/\/nublo.tv\/index.php\/2026\/08\/12\/fontanales-celebra-san-bartolome-con-la-feria-km-0-gran-canaria\/","title":{"rendered":"Fontanales celebra San Bartolome\u0301 con la Feria Km.0 Gran Canaria"},"content":{"rendered":"<p>&nbsp;<\/p>\n<p>&nbsp;<\/p>\n<p>1062227280435NOTA DE PRENSA<\/p>\n<p>Fontanales celebra San Bartolom\u00e9 con la Feria Km.0 Gran Canaria La Feria Km.0 Gran Canaria celebra los d\u00edas 15 y 16 de agosto su 39\u00aa<\/p>\n<p>edici\u00f3n con 45 productores de 15 municipios de la Isla<\/p>\n<p>Fontanales acoger\u00e1 este fin de semana la 39\u00aa edici\u00f3n de la Feria Km.0 Gran Canaria, que se celebrar\u00e1 los d\u00edas 15 y 16 de agosto, de 09:00 a 14:00 horas, en la Explanada del Colegio de Fontanales. La Feria es promovida por el Ayuntamiento de Moya dentro del programa Dinamiza Rural de GMR Canarias \u2013 Gobierno de Canarias.<\/p>\n<p>Bajo el lema \u201cLa Feria del Verano\u201d, la cita reunir\u00e1 a 45 productores procedentes de 15 municipios de Gran Canaria, acercando al p\u00fablico una amplia representaci\u00f3n del producto agroalimentario local.<\/p>\n<p>La Feria forma parte tambi\u00e9n del programa de las Fiestas de San Bartolom\u00e9 de Fontanales y contar\u00e1 con un espacio especialmente singular: una explanada cubierta por 1.300 paraguas de colores, que ofrecer\u00e1n sombra a productores y visitantes y aportar\u00e1n un atractivo escenario a esta cita del verano grancanario.<\/p>\n<p>TRANSPORTE A FONTANALES<\/p>\n<p>Para facilitar la asistencia, la organizaci\u00f3n habilitar\u00e1 un servicio de transporte directo desde la Fuente Luminosa, en Las Palmas de Gran Canaria, los d\u00edas 15 y 16 de agosto. El precio ser\u00e1 de 5 euros, ida y vuelta, con reserva previa a trav\u00e9s de www.km0grancanaria.com.<\/p>\n<p>TRANSPORTE CIRCULAR GRATUITO<\/p>\n<p>La organizaci\u00f3n habilitar\u00e1 un servicio gratuito de transporte en sentido \u00fanico dentro de Fontanales. El recorrido se realizar\u00e1 por el circuito circular establecido por el Ayuntamiento para facilitar el estacionamiento y el traslado de los visitantes. El servicio estar\u00e1 disponible de 09:00 a 14:00 horas.<\/p>\n<p>La Feria Km.0 Gran Canaria apuesta por dinamizar la econom\u00eda local, promover el consumo de productos de proximidad y poner en valor el trabajo de agricultores, ganaderos y productores agroalimentarios de la Isla, contribuyendo tambi\u00e9n a la conservaci\u00f3n del paisaje rural.<\/p>\n<p>La Feria es posible gracias al Ayuntamiento de la Villa de Moya, Consejer\u00eda de Desarrollo Econ\u00f3mico, Industria, Comercio y Artesan\u00eda del Cabildo de Gran Canaria, C\u00e1mara de Comercio Gran Canaria, Turismo de Gran Canaria, GMR Canarias &#8211; Gobierno de Canarias, Volcanic Xperience, Cajasiete y Gran Canaria Mosaico. Organiza y Promueve: Elipse, Gesti\u00f3n de Eventos.<\/p>\n<p>M\u00e1s informaci\u00f3n: 928 27 30 27 | info@km0canarias.com<\/p>\n<p>&nbsp;<\/p>\n<p>&nbsp;<\/p>\n<p>1328733201191<\/p>\n","protected":false},"excerpt":{"rendered":"<p>&nbsp; &nbsp; 1062227280435NOTA DE PRENSA Fontanales celebra San Bartolom\u00e9 con la Feria Km.0 Gran Canaria La Feria Km.0 Gran Canaria celebra los d\u00edas 15 y 16 de agosto su 39\u00aa&hellip;<\/p>\n","protected":false},"author":1,"featured_media":3281,"comment_status":"open","ping_status":"open","sticky":false,"template":"","format":"standard","meta":{"wpai_generated_summary":"","wpai_meta_description":"","footnotes":""},"categories":[148],"tags":[],"class_list":["post-3276","post","type-post","status-publish","format-standard","has-post-thumbnail","hentry","category-cabildo-de-gran-canaria"],"_links":{"self":[{"href":"https:\/\/nublo.tv\/index.php\/wp-json\/wp\/v2\/posts\/3276","targetHints":{"allow":["GET"]}}],"collection":[{"href":"https:\/\/nublo.tv\/index.php\/wp-json\/wp\/v2\/posts"}],"about":[{"href":"https:\/\/nublo.tv\/index.php\/wp-json\/wp\/v2\/types\/post"}],"author":[{"embeddable":true,"href":"https:\/\/nublo.tv\/index.php\/wp-json\/wp\/v2\/users\/1"}],"replies":[{"embeddable":true,"href":"https:\/\/nublo.tv\/index.php\/wp-json\/wp\/v2\/comments?post=3276"}],"version-history":[{"count":1,"href":"https:\/\/nublo.tv\/index.php\/wp-json\/wp\/v2\/posts\/3276\/revisions"}],"predecessor-version":[{"id":3280,"href":"https:\/\/nublo.tv\/index.php\/wp-json\/wp\/v2\/posts\/3276\/revisions\/3280"}],"wp:featuredmedia":[{"embeddable":true,"href":"https:\/\/nublo.tv\/index.php\/wp-json\/wp\/v2\/media\/3281"}],"wp:attachment":[{"href":"https:\/\/nublo.tv\/index.php\/wp-json\/wp\/v2\/media?parent=3276"}],"wp:term":[{"taxonomy":"category","embeddable":true,"href":"https:\/\/nublo.tv\/index.php\/wp-json\/wp\/v2\/categories?post=3276"},{"taxonomy":"post_tag","embeddable":true,"href":"https:\/\/nublo.tv\/index.php\/wp-json\/wp\/v2\/tags?post=3276"}],"curies":[{"name":"wp","href":"https:\/\/api.w.org\/{rel}","templated":true}]}}