{"id":3310,"date":"2026-08-12T22:04:16","date_gmt":"2026-08-12T21:04:16","guid":{"rendered":"https:\/\/nublo.tv\/?p=3310"},"modified":"2026-08-27T12:35:27","modified_gmt":"2026-08-27T11:35:27","slug":"cabalgata-de-carrozas-y-el-concierto-de-coti-en-la-semana-grande-de-las-fiestas-de-la-virgen-2026-de-guia","status":"publish","type":"post","link":"https:\/\/nublo.tv\/index.php\/2026\/08\/12\/cabalgata-de-carrozas-y-el-concierto-de-coti-en-la-semana-grande-de-las-fiestas-de-la-virgen-2026-de-guia\/","title":{"rendered":"Cabalgata de Carrozas y el concierto de Coti en la semana grande de las fiestas de La Virgen 2026 de Gu\u00eda"},"content":{"rendered":"<ul>\n<li><strong> El <\/strong><strong>viernes 14 <\/strong><strong>se suprimen los fuegos artificiales, para unas fiestas inclusivas con las personas m\u00e1s sensibles y los animales, y se sustituyen por un gran espect\u00e1culo de luz y sonido en el frontis de la Iglesia<\/strong><\/li>\n<\/ul>\n<ul>\n<li><strong> Global reforzar\u00e1 el servicio de guaguas para la noche del viernes y la madrugada del viernes al s\u00e1bado desde la capital grancanaria a Gu\u00eda y regreso a San Telmo<\/strong><\/li>\n<\/ul>\n<ul>\n<li><strong> La Cabalgata de Carrozas se retransmitir\u00e1 en directo por las redes sociales del Ayuntamiento y los medios locales <\/strong><\/li>\n<\/ul>\n<p><strong>Gu\u00eda, 12 de agosto.-<\/strong> La semana grande de las fiestas de La Virgen 2026 entra de lleno ya en su recta final y lo hace por todo lo alto comenzando ma\u00f1ana jueves 13 de agosto con uno de sus actos m\u00e1s emblem\u00e1ticos, la Cabalgata de Carrozas, llena de fantas\u00eda y colorido que recorrer\u00e1 las calles del casco hist\u00f3rico desplegando toda su magia y esplendor.<\/p>\n<p>Dedicada este a\u00f1o a \u201cLa Historia de los Juegos Ol\u00edmpicos\u201d, la Cabalgata tendr\u00e1 como inspiraci\u00f3n el mayor acontecimiento deportivo a nivel mundial para ofrecer un gran espect\u00e1culo visual, art\u00edstico y musical en una de las noches m\u00e1s especiales que se viven en las fiestas patronales y que forman \u00a0parte de la memoria y de la tradici\u00f3n de muchas \u00a0generaciones de guienses.<\/p>\n<p>Los Papag\u00fcevos al completo, las bandas de m\u00fasica, las majorettes, las bailarinas del Club de Gimnasia R\u00edtmica \u00a0Palas-Atenea y muchas sorpresas m\u00e1s formar\u00e1n parte del espect\u00e1culo de este a\u00f1o que ser\u00e1 retransmitido en directo, a partir de las 22:00 horas, por las redes sociales del Ayuntamiento de Gu\u00eda y los medios locales.<\/p>\n<p>Justo al t\u00e9rmino de la Gran Cabalgata dar\u00e1 comienzo el concierto del cantante Adu\u00e9n Amaya en la Plaza Grande de la ciudad para continuar disfrutando de la noche festiva.<\/p>\n<p><strong>Coti y Espect\u00e1culo de luz, sin fuegos artificiales<\/strong><\/p>\n<p>Y la buena m\u00fasica\u00a0 continuar\u00e1 sonando al d\u00eda siguiente, el viernes 14, v\u00edspera\u00a0 del d\u00eda principal de La Virgen, con el concierto de Coti que subir\u00e1 al escenario, sobre las 22:00 horas, en una de las grandes citas de las fiestas patronales de este a\u00f1o.<\/p>\n<p>A su t\u00e9rmino la noche festiva continuar\u00e1 con una gran verbena de amanecida amenizada por las orquestas <em>Star Music<\/em> y <em>Furia Joven<\/em> y el DJ Airam Vega, adem\u00e1s de <em>DJ\u00b4s Promaster<\/em> en la zona de los chiringuitos.<\/p>\n<p>Tambi\u00e9n en la medianoche del viernes podr\u00e1 disfrutarse de un gran espect\u00e1culo de luz y sonido, una propuesta esc\u00e9nica en sustituci\u00f3n de los fuegos artificiales que se han suprimido este a\u00f1o para lograr la celebraci\u00f3n de unas fiestas inclusivas y respetuosas con las personas m\u00e1s sensibles y los animales, tal y como explic\u00f3 el alcalde, Alfredo Gon\u00e7alves Ferreira, durante la presentaci\u00f3n oficial del programa de las fiestas patronales.<\/p>\n<p>Y as\u00ed, el p\u00fablico asistente a esta velada festiva de la v\u00edspera de las fiestas mayores de Gu\u00eda podr\u00e1 disfrutar del precioso <em>videomapping<\/em>\u00a0 que se proyectar\u00e1 en el frontis de la Iglesia con un recorrido audiovisual y emocional por la identidad del municipio, mostrando no s\u00f3lo su historia y su patrimonio, sino, sobre todo, c\u00f3mo los guienses sienten y viven Gu\u00eda. Las im\u00e1genes evocar\u00e1n sus calles, sus barrios, sus tradiciones, sus fiestas, su gastronom\u00eda, sus recuerdos y, especialmente, a las generaciones de personas que han ido construyendo la identidad del municipio a lo largo de los siglos.<\/p>\n<p>El espect\u00e1culo buscar\u00e1 que la fachada se convierta en un reflejo de la memoria colectiva de Gu\u00eda, conectando pasado, presente y futuro y poniendo en valor ese sentimiento de pertenencia que hace que Gu\u00eda sea mucho m\u00e1s que un lugar: una forma de sentir, de recordar y de vivir.<\/p>\n<p><strong>Refuerzo servicio guaguas<\/strong><\/p>\n<p>Global reforzar\u00e1 el servicio de guaguas para la noche del viernes y la madrugada del viernes al s\u00e1bado, desde la capital grancanaria a Gu\u00eda y regreso a San Telmo, debido a la gran afluencia de p\u00fablico prevista.<\/p>\n<p>Los refuerzos del viernes 14, de la L\u00ednea 100, desde Las Palmas de Gran Canaria a Gu\u00eda ser\u00e1n: a las 22:15, 22:45, 23:15 y 23:45 horas.<\/p>\n<p>Tambi\u00e9n la L\u00ednea 105 reforzar\u00e1 el servicio en la madrugada del viernes al s\u00e1bado, desde Las Palmas de Gran Canaria a Gu\u00eda, a las 00:00, 00:30, 01:00 y 01:30 horas.<\/p>\n<p>Y para el regreso desde Gu\u00eda hacia Las Palmas de la L\u00ednea 105 habr\u00e1 servicio de guaguas a las 00:00, 00:30, 01:00, 01:30, 02:00, 03:00, 04:00, 04:30, 05:00 y a las 05:30 horas.<\/p>\n","protected":false},"excerpt":{"rendered":"<p>El viernes 14 se suprimen los fuegos artificiales, para unas fiestas inclusivas con las personas m\u00e1s sensibles y los animales, y se sustituyen por un gran espect\u00e1culo de luz y&hellip;<\/p>\n","protected":false},"author":1,"featured_media":3311,"comment_status":"open","ping_status":"open","sticky":false,"template":"","format":"standard","meta":{"wpai_generated_summary":"","wpai_meta_description":"","footnotes":""},"categories":[138],"tags":[],"class_list":["post-3310","post","type-post","status-publish","format-standard","has-post-thumbnail","hentry","category-ayuntamiento-de-santa-maria-de-guia"],"_links":{"self":[{"href":"https:\/\/nublo.tv\/index.php\/wp-json\/wp\/v2\/posts\/3310","targetHints":{"allow":["GET"]}}],"collection":[{"href":"https:\/\/nublo.tv\/index.php\/wp-json\/wp\/v2\/posts"}],"about":[{"href":"https:\/\/nublo.tv\/index.php\/wp-json\/wp\/v2\/types\/post"}],"author":[{"embeddable":true,"href":"https:\/\/nublo.tv\/index.php\/wp-json\/wp\/v2\/users\/1"}],"replies":[{"embeddable":true,"href":"https:\/\/nublo.tv\/index.php\/wp-json\/wp\/v2\/comments?post=3310"}],"version-history":[{"count":1,"href":"https:\/\/nublo.tv\/index.php\/wp-json\/wp\/v2\/posts\/3310\/revisions"}],"predecessor-version":[{"id":3327,"href":"https:\/\/nublo.tv\/index.php\/wp-json\/wp\/v2\/posts\/3310\/revisions\/3327"}],"wp:featuredmedia":[{"embeddable":true,"href":"https:\/\/nublo.tv\/index.php\/wp-json\/wp\/v2\/media\/3311"}],"wp:attachment":[{"href":"https:\/\/nublo.tv\/index.php\/wp-json\/wp\/v2\/media?parent=3310"}],"wp:term":[{"taxonomy":"category","embeddable":true,"href":"https:\/\/nublo.tv\/index.php\/wp-json\/wp\/v2\/categories?post=3310"},{"taxonomy":"post_tag","embeddable":true,"href":"https:\/\/nublo.tv\/index.php\/wp-json\/wp\/v2\/tags?post=3310"}],"curies":[{"name":"wp","href":"https:\/\/api.w.org\/{rel}","templated":true}]}}