{"id":3314,"date":"2026-08-12T22:04:13","date_gmt":"2026-08-12T21:04:13","guid":{"rendered":"https:\/\/nublo.tv\/?p=3314"},"modified":"2026-08-27T12:35:27","modified_gmt":"2026-08-27T11:35:27","slug":"el-ayuntamiento-de-guia-organiza-un-taller-para-el-fomento-del-envejecimiento-activo-y-seguro-para-las-personas-mayores","status":"publish","type":"post","link":"https:\/\/nublo.tv\/index.php\/2026\/08\/12\/el-ayuntamiento-de-guia-organiza-un-taller-para-el-fomento-del-envejecimiento-activo-y-seguro-para-las-personas-mayores\/","title":{"rendered":"El Ayuntamiento de Gu\u00eda organiza un taller para el fomento del envejecimiento activo y seguro para las personas mayores"},"content":{"rendered":"<p>\u25cf La iniciativa, impulsada desde la Concejal\u00eda del Mayor, se celebrar\u00e1 el 24 de septiembre en el terrero de lucha Salustiano \u00c1lamo Su\u00e1rez<br \/>\nGu\u00eda, 12 de agosto de 2026.- El Ayuntamiento de Gu\u00eda, a trav\u00e9s de la Concejal\u00eda del Mayor que dirige Alejandro Rivero, pone en marcha un taller te\u00f3rico-pr\u00e1ctico orientado a la prevenci\u00f3n de ca\u00eddas, la promoci\u00f3n del ejercicio f\u00edsico y el fomento de un envejecimiento activo y seguro entre la poblaci\u00f3n mayor del municipio. La sesi\u00f3n tendr\u00e1 lugar el pr\u00f3ximo 24 de septiembre, a las 17:30 horas, en el terrero de lucha Salustiano \u00c1lamo Su\u00e1rez, con una duraci\u00f3n estimada de entre 60 y 90 minutos. <\/p>\n<p>Este taller, que ser\u00e1 impartido por fisioterapeutas colegiados voluntarios, combina contenidos te\u00f3ricos y pr\u00e1cticos relacionados con la prevenci\u00f3n de ca\u00eddas, la promoci\u00f3n de la actividad f\u00edsica, la mejora del equilibrio y la fuerza muscular, as\u00ed como las recomendaciones para fomentar un envejecimiento activo y seguro. Asimismo, los profesionales podr\u00e1n realizar valoraciones funcionales b\u00e1sicas a los asistentes para orientarlos de manera personalizada sobre su estado f\u00edsico.<\/p>\n<p>Para garantizar una atenci\u00f3n cercana y un correcto desarrollo de la actividad, las plazas estar\u00e1n limitadas a un grupo de entre 20 y 30 participantes. Las personas interesadas en asistir deber\u00e1n realizar su inscripci\u00f3n de manera presencial en la Oficina de Atenci\u00f3n Ciudadana (OAC), frente al cuartel de la Guardia Civil.  <\/p>\n<p>Esta actividad se desarrolla en el marco de la l\u00ednea de trabajo de la Comisi\u00f3n de Bienestar Social y Sanidad de la Federaci\u00f3n Canaria de Municipios (FECAM) en colaboraci\u00f3n con el proyecto comunitario impulsado por el Colegio Oficial de Fisioterapeutas de Canarias.<\/p>\n","protected":false},"excerpt":{"rendered":"<p>\u25cf La iniciativa, impulsada desde la Concejal\u00eda del Mayor, se celebrar\u00e1 el 24 de septiembre en el terrero de lucha Salustiano \u00c1lamo Su\u00e1rez Gu\u00eda, 12 de agosto de 2026.- El&hellip;<\/p>\n","protected":false},"author":1,"featured_media":3315,"comment_status":"open","ping_status":"open","sticky":false,"template":"","format":"standard","meta":{"wpai_generated_summary":"","wpai_meta_description":"","footnotes":""},"categories":[138],"tags":[],"class_list":["post-3314","post","type-post","status-publish","format-standard","has-post-thumbnail","hentry","category-ayuntamiento-de-santa-maria-de-guia"],"_links":{"self":[{"href":"https:\/\/nublo.tv\/index.php\/wp-json\/wp\/v2\/posts\/3314","targetHints":{"allow":["GET"]}}],"collection":[{"href":"https:\/\/nublo.tv\/index.php\/wp-json\/wp\/v2\/posts"}],"about":[{"href":"https:\/\/nublo.tv\/index.php\/wp-json\/wp\/v2\/types\/post"}],"author":[{"embeddable":true,"href":"https:\/\/nublo.tv\/index.php\/wp-json\/wp\/v2\/users\/1"}],"replies":[{"embeddable":true,"href":"https:\/\/nublo.tv\/index.php\/wp-json\/wp\/v2\/comments?post=3314"}],"version-history":[{"count":1,"href":"https:\/\/nublo.tv\/index.php\/wp-json\/wp\/v2\/posts\/3314\/revisions"}],"predecessor-version":[{"id":3326,"href":"https:\/\/nublo.tv\/index.php\/wp-json\/wp\/v2\/posts\/3314\/revisions\/3326"}],"wp:featuredmedia":[{"embeddable":true,"href":"https:\/\/nublo.tv\/index.php\/wp-json\/wp\/v2\/media\/3315"}],"wp:attachment":[{"href":"https:\/\/nublo.tv\/index.php\/wp-json\/wp\/v2\/media?parent=3314"}],"wp:term":[{"taxonomy":"category","embeddable":true,"href":"https:\/\/nublo.tv\/index.php\/wp-json\/wp\/v2\/categories?post=3314"},{"taxonomy":"post_tag","embeddable":true,"href":"https:\/\/nublo.tv\/index.php\/wp-json\/wp\/v2\/tags?post=3314"}],"curies":[{"name":"wp","href":"https:\/\/api.w.org\/{rel}","templated":true}]}}