{"id":3316,"date":"2026-08-12T22:04:10","date_gmt":"2026-08-12T21:04:10","guid":{"rendered":"https:\/\/nublo.tv\/?p=3316"},"modified":"2026-08-27T12:35:27","modified_gmt":"2026-08-27T11:35:27","slug":"el-ayuntamiento-de-guia-organiza-una-sesion-practica-para-orientar-a-las-personas-desempleadas-sobre-cursos-gratuitos-certificados-y-practicas-en-empresas","status":"publish","type":"post","link":"https:\/\/nublo.tv\/index.php\/2026\/08\/12\/el-ayuntamiento-de-guia-organiza-una-sesion-practica-para-orientar-a-las-personas-desempleadas-sobre-cursos-gratuitos-certificados-y-practicas-en-empresas\/","title":{"rendered":"El Ayuntamiento de Gu\u00eda organiza una sesi\u00f3n pr\u00e1ctica para orientar a las personas desempleadas sobre cursos gratuitos, certificados y pr\u00e1cticas en empresas"},"content":{"rendered":"<p>\u25cf <strong>Se celebrar\u00e1 el pr\u00f3ximo jueves 20 de agosto, a las 10:00 horas, en la Casa de la Cultura y precisa de inscripci\u00f3n previa<\/strong><br \/>\nLa Concejal\u00eda de Empleo del Ayuntamiento de Gu\u00eda organiza una charla informativa destinada a orientar a las personas desempleadas del municipio sobre los cursos gratuitos que ofrece el Servicio Canario de Empleo (SCE) y el proceso para inscribirse en ellos paso a paso, una actuaci\u00f3n que se realiza a trav\u00e9s del programa de Promoci\u00f3n del Desarrollo de la Actividad Econ\u00f3mica (PRODAE) del Gobierno de Canarias.<br \/>\nLa sesi\u00f3n informativa se celebrar\u00e1 el pr\u00f3ximo jueves 20 de agosto, a las 10:00 horas, en la Casa de la Cultura. Se explicar\u00e1n aspectos clave para mejorar la empleabilidad tales como los cursos gratuitos que existen actualmente, las pautas para buscar y elegir la formaci\u00f3n m\u00e1s adecuada y la forma de inscribirse correctamente. Asimismo, se ofrecer\u00e1 informaci\u00f3n sobre los certificados oficiales, las pr\u00e1cticas en empresas y los consejos para mejorar el curr\u00edculum.<br \/>\nAl tratarse de una actividad con plazas limitadas, las personas interesadas deben inscribirse previamente en la Oficina de Desarrollo Local y Empleo, situada en la planta central de la Casa Consistorial, calle Eusebia de Armas n\u00famero 4, o llamar al tel\u00e9fono 928 89 65 55, extensi\u00f3n 0344.<\/p>\n","protected":false},"excerpt":{"rendered":"<p>\u25cf Se celebrar\u00e1 el pr\u00f3ximo jueves 20 de agosto, a las 10:00 horas, en la Casa de la Cultura y precisa de inscripci\u00f3n previa La Concejal\u00eda de Empleo del Ayuntamiento&hellip;<\/p>\n","protected":false},"author":1,"featured_media":3317,"comment_status":"open","ping_status":"open","sticky":false,"template":"","format":"standard","meta":{"wpai_generated_summary":"","wpai_meta_description":"","footnotes":""},"categories":[138],"tags":[],"class_list":["post-3316","post","type-post","status-publish","format-standard","has-post-thumbnail","hentry","category-ayuntamiento-de-santa-maria-de-guia"],"_links":{"self":[{"href":"https:\/\/nublo.tv\/index.php\/wp-json\/wp\/v2\/posts\/3316","targetHints":{"allow":["GET"]}}],"collection":[{"href":"https:\/\/nublo.tv\/index.php\/wp-json\/wp\/v2\/posts"}],"about":[{"href":"https:\/\/nublo.tv\/index.php\/wp-json\/wp\/v2\/types\/post"}],"author":[{"embeddable":true,"href":"https:\/\/nublo.tv\/index.php\/wp-json\/wp\/v2\/users\/1"}],"replies":[{"embeddable":true,"href":"https:\/\/nublo.tv\/index.php\/wp-json\/wp\/v2\/comments?post=3316"}],"version-history":[{"count":1,"href":"https:\/\/nublo.tv\/index.php\/wp-json\/wp\/v2\/posts\/3316\/revisions"}],"predecessor-version":[{"id":3325,"href":"https:\/\/nublo.tv\/index.php\/wp-json\/wp\/v2\/posts\/3316\/revisions\/3325"}],"wp:featuredmedia":[{"embeddable":true,"href":"https:\/\/nublo.tv\/index.php\/wp-json\/wp\/v2\/media\/3317"}],"wp:attachment":[{"href":"https:\/\/nublo.tv\/index.php\/wp-json\/wp\/v2\/media?parent=3316"}],"wp:term":[{"taxonomy":"category","embeddable":true,"href":"https:\/\/nublo.tv\/index.php\/wp-json\/wp\/v2\/categories?post=3316"},{"taxonomy":"post_tag","embeddable":true,"href":"https:\/\/nublo.tv\/index.php\/wp-json\/wp\/v2\/tags?post=3316"}],"curies":[{"name":"wp","href":"https:\/\/api.w.org\/{rel}","templated":true}]}}