{"id":3320,"date":"2026-08-12T22:04:06","date_gmt":"2026-08-12T21:04:06","guid":{"rendered":"https:\/\/nublo.tv\/?p=3320"},"modified":"2026-08-29T08:57:49","modified_gmt":"2026-08-29T07:57:49","slug":"el-ayuntamiento-facilita-el-traslado-a-la-romeria-del-pino","status":"publish","type":"post","link":"https:\/\/nublo.tv\/index.php\/2026\/08\/12\/el-ayuntamiento-facilita-el-traslado-a-la-romeria-del-pino\/","title":{"rendered":"El Ayuntamiento facilita el traslado a la Romer\u00eda del Pino"},"content":{"rendered":"<p><strong>El Ayuntamiento de Santa Br\u00edgida,<\/strong> a trav\u00e9s de la<strong> Concejal\u00eda de Participaci\u00f3n Ciudadana, <\/strong>pone a disposici\u00f3n de la ciudadan\u00eda una guagua gratuita para asistir a la <em>74\u00aa edici\u00f3n de la Romer\u00eda-Ofrenda del Pino<\/em>, que se celebrar\u00e1 el pr\u00f3ximo <strong>7 de septiembre<\/strong> en la<strong> Villa Mariana de Teror.<\/strong><\/p>\n<p>La tradicional romer\u00eda, ideada por N\u00e9stor \u00c1lamo en 1952, constituye una de las principales celebraciones del calendario festivo de Gran Canaria. Santa Br\u00edgida acompa\u00f1ar\u00e1 a la carreta representativa de nuestro municipio en el <strong>puesto n\u00famero 12,<\/strong> siendo <strong>imprescindible asistir con el traje t\u00edpico tradicional canario<\/strong>.<\/p>\n<div class=\"wp-block-image\">\n<figure class=\"aligncenter size-large\"><a href=\"https:\/\/www.santabrigida.es\/wp-content\/uploads\/2026\/08\/ROMERIA-ALTA.png\"><img loading=\"lazy\" decoding=\"async\" width=\"723\" height=\"1024\" src=\"https:\/\/www.santabrigida.es\/wp-content\/uploads\/2026\/08\/ROMERIA-ALTA-723x1024.png\" alt=\"\" class=\"wp-image-46493\" \/><\/a><\/figure>\n<\/div>\n<p>La salida est\u00e1 prevista sobre las 14:30 horas desde la puerta del Ayuntamiento de Santa Br\u00edgida y el regreso a las 20:30 horas, en funci\u00f3n de las indicaciones de la Polic\u00eda Local y la Guardia Civil. El plazo de inscripci\u00f3n estar\u00e1 abierto <strong>hasta el 28 de agosto<\/strong> a trav\u00e9s del correo <strong>participacionciudadana@santabrigida.es<\/strong><\/p>\n<p>Un a\u00f1o m\u00e1s, Santa Br\u00edgida vuelve a sumarse a las celebraciones en honor a la Patrona de Gran Canaria, reforzando el v\u00ednculo entre tradici\u00f3n, fe y convivencia vecinal.<\/p>\n<p><a href=\"https:\/\/whatsapp.com\/channel\/0029VahknXBDzgTHGJW3DC1v\">S\u00edguenos a trav\u00e9s del canal de WhatsApp<\/a><\/p>\n<p>santabrigida.es\u00bb>Ayuntamiento de la Villa de Santa Br\u00edgida<\/a>.<\/p>\n","protected":false},"excerpt":{"rendered":"<p>El Ayuntamiento de Santa Br\u00edgida, a trav\u00e9s de la Concejal\u00eda de Participaci\u00f3n Ciudadana, pone a disposici\u00f3n de la ciudadan\u00eda una guagua gratuita para asistir a la 74\u00aa edici\u00f3n de la&hellip;<\/p>\n","protected":false},"author":1,"featured_media":3321,"comment_status":"open","ping_status":"open","sticky":false,"template":"","format":"standard","meta":{"wpai_generated_summary":"","wpai_meta_description":"","footnotes":""},"categories":[136],"tags":[],"class_list":["post-3320","post","type-post","status-publish","format-standard","has-post-thumbnail","hentry","category-ayuntamiento-de-santa-brigida"],"_links":{"self":[{"href":"https:\/\/nublo.tv\/index.php\/wp-json\/wp\/v2\/posts\/3320","targetHints":{"allow":["GET"]}}],"collection":[{"href":"https:\/\/nublo.tv\/index.php\/wp-json\/wp\/v2\/posts"}],"about":[{"href":"https:\/\/nublo.tv\/index.php\/wp-json\/wp\/v2\/types\/post"}],"author":[{"embeddable":true,"href":"https:\/\/nublo.tv\/index.php\/wp-json\/wp\/v2\/users\/1"}],"replies":[{"embeddable":true,"href":"https:\/\/nublo.tv\/index.php\/wp-json\/wp\/v2\/comments?post=3320"}],"version-history":[{"count":2,"href":"https:\/\/nublo.tv\/index.php\/wp-json\/wp\/v2\/posts\/3320\/revisions"}],"predecessor-version":[{"id":18119,"href":"https:\/\/nublo.tv\/index.php\/wp-json\/wp\/v2\/posts\/3320\/revisions\/18119"}],"wp:featuredmedia":[{"embeddable":true,"href":"https:\/\/nublo.tv\/index.php\/wp-json\/wp\/v2\/media\/3321"}],"wp:attachment":[{"href":"https:\/\/nublo.tv\/index.php\/wp-json\/wp\/v2\/media?parent=3320"}],"wp:term":[{"taxonomy":"category","embeddable":true,"href":"https:\/\/nublo.tv\/index.php\/wp-json\/wp\/v2\/categories?post=3320"},{"taxonomy":"post_tag","embeddable":true,"href":"https:\/\/nublo.tv\/index.php\/wp-json\/wp\/v2\/tags?post=3320"}],"curies":[{"name":"wp","href":"https:\/\/api.w.org\/{rel}","templated":true}]}}