{"id":3322,"date":"2026-08-12T22:04:26","date_gmt":"2026-08-12T21:04:26","guid":{"rendered":"https:\/\/nublo.tv\/?p=3322"},"modified":"2026-08-27T12:35:27","modified_gmt":"2026-08-27T11:35:27","slug":"la-ud-las-palmas-sigue-preparando-la-primera-jornada-de-laliga-hypermotion-2026-27","status":"publish","type":"post","link":"https:\/\/nublo.tv\/index.php\/2026\/08\/12\/la-ud-las-palmas-sigue-preparando-la-primera-jornada-de-laliga-hypermotion-2026-27\/","title":{"rendered":"La UD Las Palmas sigue preparando la primera jornada de LALIGA HYPERMOTION 2026\/27"},"content":{"rendered":"<div class=\"sc-2fbe7211-0 chrvOS MkContainer\">\n<div class=\"sc-2fbe7211-1 kGqrxa\">\n<div class=\"sc-b1735b1-0 eWkhPM\">\n<div class=\"sc-a402e2c6-0 lecDjp MkGrids__area\">\n<div class=\"sc-a402e2c6-1 kLYMxl MkGrids__module MkGrids__module--content\">\n<div class=\"sc-c161b608-0 bsbTXc MkContentNews\">\n<div class=\"sc-18c7f4bf-0 ghQrQ\"><span class=\"sc-18c7f4bf-2 dLLeor MkReactionsList__noreactions_message\">A\u00fan no hay reacciones. \u00a1S\u00e9 el primero!<\/span><\/p>\n<div class=\"sc-4541fe45-0 VIoNW\">\n<div class=\"sc-4541fe45-1 bECroK\">\n<div class=\"sc-4541fe45-2 fDXbHh MkAddReaction__subroot\"><\/div>\n<\/div>\n<\/div>\n<\/div>\n<div class=\"sc-155d1994-0 betKNg MkContentBlocks\">\n<div class=\"sc-1c277da8-0 dKlRLW MkRickText MkContentBlocks__richText\">\n<p>La UD Las Palmas ultima la preparaci\u00f3n para el estreno de la temporada, este domingo en el Estadio Gran Canaria (20:30h.c.). Los amarillos trabajaron a las \u00f3rdenes del t\u00e9cnico Rub\u00e9n de la Barrera, en una sesi\u00f3n que se inici\u00f3 con rondos, oleadas de defensa y ataque y finaliz\u00f3 con partidos reducidos.\u00a0<\/p>\n<p>La plantilla amarilla volver\u00e1 a ejercitarse ma\u00f1ana en la Ciudad Deportiva, donde Kirian atender\u00e1 a los medios a las 9:30h.\u00a0<\/p>\n<\/div>\n<div class=\"sc-de38491c-0 bvqyni MkContentBlocks__imageWrapper\">\n<div class=\"sc-78b0811a-0 eIEaUe\">\n<div class=\"sc-78b0811a-1 cYplci\"><img decoding=\"async\" alt=\"\" role=\"presentation\" data-nimg=\"fill\" class=\"sc-ce5b6a44-0 gOKeXG MkImage MkContentBlocks__image\" style=\"position:absolute;height:100%;width:100%;left:0;top:0;right:0;bottom:0;color:transparent\" src=\"image\/png;base64,iVBORw0KGgoAAAANSUhEUgAAAAEAAAABCAQAAAC1HAwCAAAAC0lEQVR42mNkYAAAAAYAAjCB0C8AAAAASUVORK5CYII=\"><\/div>\n<\/div>\n<\/div>\n<\/div>\n<\/div>\n<\/div>\n<div class=\"sc-a402e2c6-1 kLYMxl MkGrids__module MkGrids__module--script\">\n<div class=\"MkModuleScript\"><\/div>\n<\/div>\n<\/div>\n<\/div>\n<\/div>\n<\/div>\n","protected":false},"excerpt":{"rendered":"<p>A\u00fan no hay reacciones. \u00a1S\u00e9 el primero!La UD Las Palmas ultima la preparaci\u00f3n para el estreno de la temporada, este domingo en el Estadio Gran Canaria (20:30h.c.). Los amarillos trabajaron&hellip;<\/p>\n","protected":false},"author":1,"featured_media":3323,"comment_status":"open","ping_status":"open","sticky":false,"template":"","format":"standard","meta":{"wpai_generated_summary":"","wpai_meta_description":"","footnotes":""},"categories":[122],"tags":[],"class_list":["post-3322","post","type-post","status-publish","format-standard","has-post-thumbnail","hentry","category-deportes"],"_links":{"self":[{"href":"https:\/\/nublo.tv\/index.php\/wp-json\/wp\/v2\/posts\/3322","targetHints":{"allow":["GET"]}}],"collection":[{"href":"https:\/\/nublo.tv\/index.php\/wp-json\/wp\/v2\/posts"}],"about":[{"href":"https:\/\/nublo.tv\/index.php\/wp-json\/wp\/v2\/types\/post"}],"author":[{"embeddable":true,"href":"https:\/\/nublo.tv\/index.php\/wp-json\/wp\/v2\/users\/1"}],"replies":[{"embeddable":true,"href":"https:\/\/nublo.tv\/index.php\/wp-json\/wp\/v2\/comments?post=3322"}],"version-history":[{"count":1,"href":"https:\/\/nublo.tv\/index.php\/wp-json\/wp\/v2\/posts\/3322\/revisions"}],"predecessor-version":[{"id":3333,"href":"https:\/\/nublo.tv\/index.php\/wp-json\/wp\/v2\/posts\/3322\/revisions\/3333"}],"wp:featuredmedia":[{"embeddable":true,"href":"https:\/\/nublo.tv\/index.php\/wp-json\/wp\/v2\/media\/3323"}],"wp:attachment":[{"href":"https:\/\/nublo.tv\/index.php\/wp-json\/wp\/v2\/media?parent=3322"}],"wp:term":[{"taxonomy":"category","embeddable":true,"href":"https:\/\/nublo.tv\/index.php\/wp-json\/wp\/v2\/categories?post=3322"},{"taxonomy":"post_tag","embeddable":true,"href":"https:\/\/nublo.tv\/index.php\/wp-json\/wp\/v2\/tags?post=3322"}],"curies":[{"name":"wp","href":"https:\/\/api.w.org\/{rel}","templated":true}]}}