{"id":3338,"date":"2026-08-13T09:53:58","date_gmt":"2026-08-13T08:53:58","guid":{"rendered":"https:\/\/nublo.tv\/?p=3338"},"modified":"2026-08-27T12:35:27","modified_gmt":"2026-08-27T11:35:27","slug":"antonio-maria-benitez-melian-concejal-de-galdar-pregonara-las-fiestas-de-barrial-este-domingo","status":"publish","type":"post","link":"https:\/\/nublo.tv\/index.php\/2026\/08\/13\/antonio-maria-benitez-melian-concejal-de-galdar-pregonara-las-fiestas-de-barrial-este-domingo\/","title":{"rendered":"Antonio Mar\u00eda Ben\u00edtez Meli\u00e1n, concejal de G\u00e1ldar, pregonar\u00e1 las fiestas de Barrial este domingo"},"content":{"rendered":"<p>Antonio Mar\u00eda Ben\u00edtez Meli\u00e1n, concejal de Bienestar Animal, Juventud y Club del Mayor del Ayuntamiento de G\u00e1ldar, ser\u00e1 el encargado de leer el Preg\u00f3n de las Fiestas en honor a Nuestra Se\u00f1ora de los Desamparados de Barrial 2026. El acto se desarrollar\u00e1 este domingo 16 de agosto a partir de las 21.00 horas en la Plaza Jos\u00e9 Rodr\u00edguez Quintana del barrio.<\/p>\n<p>La jornada comenzar\u00e1 a las 20:00 horas, desde el frontis del Estadio, con la salida de los papag\u00fcevos infantiles, que estar\u00e1n acompa\u00f1ados por la charanga Vitamina Band. A continuaci\u00f3n, junto a la iglesia, tendr\u00e1 lugar la izada de la bandera de las Fiestas.<\/p>\n<p>A las 21:00 horas, la actividad se trasladar\u00e1 a la Plaza Jos\u00e9 Rodr\u00edguez Quintana, donde tendr\u00e1 lugar el preg\u00f3n de las Fiestas de Barrial 2026, a cargo de Antonio Mar\u00eda Ben\u00edtez Meli\u00e1n, concejal del Ayuntamiento, vecino de Barrial y colaborador de la Asociaci\u00f3n de Vecinos Amagro. El acto contar\u00e1 adem\u00e1s con la actuaci\u00f3n musical de Celia Jim\u00e9nez.<\/p>\n<p>Durante la presentaci\u00f3n del programa, el pregonero adelant\u00f3 que su intervenci\u00f3n estar\u00e1 enfocada precisamente en sus vivencias en el barrio, especialmente en aquellos recuerdos que han marcado su relaci\u00f3n con Barrial desde pr\u00e1cticamente ni\u00f1o. Una mirada personal que permitir\u00e1 recuperar momentos y experiencias compartidas a lo largo de los a\u00f1os.<\/p>\n","protected":false},"excerpt":{"rendered":"<p>Antonio Mar\u00eda Ben\u00edtez Meli\u00e1n, concejal de Bienestar Animal, Juventud y Club del Mayor del Ayuntamiento de G\u00e1ldar, ser\u00e1 el encargado de leer el Preg\u00f3n de las Fiestas en honor a&hellip;<\/p>\n","protected":false},"author":1,"featured_media":3339,"comment_status":"open","ping_status":"open","sticky":false,"template":"","format":"standard","meta":{"wpai_generated_summary":"","wpai_meta_description":"","footnotes":""},"categories":[129],"tags":[],"class_list":["post-3338","post","type-post","status-publish","format-standard","has-post-thumbnail","hentry","category-ayuntamiento-de-galdar"],"_links":{"self":[{"href":"https:\/\/nublo.tv\/index.php\/wp-json\/wp\/v2\/posts\/3338","targetHints":{"allow":["GET"]}}],"collection":[{"href":"https:\/\/nublo.tv\/index.php\/wp-json\/wp\/v2\/posts"}],"about":[{"href":"https:\/\/nublo.tv\/index.php\/wp-json\/wp\/v2\/types\/post"}],"author":[{"embeddable":true,"href":"https:\/\/nublo.tv\/index.php\/wp-json\/wp\/v2\/users\/1"}],"replies":[{"embeddable":true,"href":"https:\/\/nublo.tv\/index.php\/wp-json\/wp\/v2\/comments?post=3338"}],"version-history":[{"count":1,"href":"https:\/\/nublo.tv\/index.php\/wp-json\/wp\/v2\/posts\/3338\/revisions"}],"predecessor-version":[{"id":3342,"href":"https:\/\/nublo.tv\/index.php\/wp-json\/wp\/v2\/posts\/3338\/revisions\/3342"}],"wp:featuredmedia":[{"embeddable":true,"href":"https:\/\/nublo.tv\/index.php\/wp-json\/wp\/v2\/media\/3339"}],"wp:attachment":[{"href":"https:\/\/nublo.tv\/index.php\/wp-json\/wp\/v2\/media?parent=3338"}],"wp:term":[{"taxonomy":"category","embeddable":true,"href":"https:\/\/nublo.tv\/index.php\/wp-json\/wp\/v2\/categories?post=3338"},{"taxonomy":"post_tag","embeddable":true,"href":"https:\/\/nublo.tv\/index.php\/wp-json\/wp\/v2\/tags?post=3338"}],"curies":[{"name":"wp","href":"https:\/\/api.w.org\/{rel}","templated":true}]}}