{"id":3340,"date":"2026-08-13T09:54:01","date_gmt":"2026-08-13T08:54:01","guid":{"rendered":"https:\/\/nublo.tv\/?p=3340"},"modified":"2026-08-27T12:35:27","modified_gmt":"2026-08-27T11:35:27","slug":"el-terorense-nestor-herrera-conquista-la-42a-vuelta-ciclista-al-bajo-aragon","status":"publish","type":"post","link":"https:\/\/nublo.tv\/index.php\/2026\/08\/13\/el-terorense-nestor-herrera-conquista-la-42a-vuelta-ciclista-al-bajo-aragon\/","title":{"rendered":"El terorense N\u00e9stor Herrera conquista la 42\u00aa Vuelta ciclista al Bajo Arag\u00f3n"},"content":{"rendered":"<p><strong>El joven ciclista lider\u00f3 la clasificaci\u00f3n desde la primera etapa hasta el final, mientras que el conjunto grancanario termin\u00f3 tercero entre los 32 equipos participantes.<\/strong><\/p>\n<p>El joven deportista terorense N\u00e9stor Herrera se proclam\u00f3 vencedor de la 42.\u00aa Vuelta al Bajo Arag\u00f3n, una de las pruebas cadetes con mayor tradici\u00f3n del calendario nacional, despu\u00e9s de mantener el maillot amarillo desde la primera etapa hasta la cuarta y \u00faltima en Caspe. Con este logro, Gran Canaria Bike Team regresa de Arag\u00f3n con el resultado m\u00e1s importantes de su temporada.<\/p>\n<p>El triunfo de Herrera estuvo acompa\u00f1ado por una destacada actuaci\u00f3n colectiva del conjunto grancanario, que termin\u00f3 tercero en la clasificaci\u00f3n general por equipos, \u00fanicamente por detr\u00e1s del Sorex Cycling Team (B\u00e9lgica) y del G.D. Pi\u00f1ero Mart\u00ednez Motor BM de Murcia.<\/p>\n<p>La Vuelta reuni\u00f3 a 32 equipos y 200 corredores, configurando un pelot\u00f3n de gran nivel en el que, adem\u00e1s de los principales conjuntos espa\u00f1oles, hubo una importante presencia internacional con representantes de siete pa\u00edses: Espa\u00f1a, B\u00e9lgica, Suiza, Dinamarca, Noruega, Reino Unido, Argentina y M\u00e9xico.<\/p>\n<p>Ganar en este escenario, frente a los mejores conjuntos nacionales y a corredores llegados de distintos puntos de Europa y del mundo, supone por tanto un resultado de especial relevancia para el ciclismo de Gran Canaria.<\/p>\n<p><strong>El amarillo desde la primera etapa<\/strong><\/p>\n<p>Herrera comenz\u00f3 la Vuelta de manera imperial. El corredor de Teror se impuso en la primera etapa, entre Maella y Caspe, protagonizando una larga escapada y se convirti\u00f3 en el primer l\u00edder de la carrera. Adem\u00e1s, el Gran Canaria Bike Team fue el mejor equipo de la jornada.<\/p>\n<p>A partir de ese momento comenz\u00f3 el verdadero trabajo del conjunto grancanario: defender el liderato.<\/p>\n<p>Con N\u00e9stor como jefe de filas, sus compa\u00f1eros tuvieron que asumir una importante responsabilidad durante las cuatro jornadas. El equipo control\u00f3 los movimientos de los rivales, vigil\u00f3 las escapadas y estuvo atento a los corredores que pod\u00edan representar una amenaza para la clasificaci\u00f3n general. El objetivo era claro: evitar que cualquier fuga o movimiento t\u00e1ctico comprometiera el maillot amarillo.<\/p>\n<p>La segunda etapa, una contrarreloj individual en Chiprana, cambi\u00f3 el escenario de competici\u00f3n. El suizo Thibaut Beckers, del Isorex Cycling Team, consigui\u00f3 la victoria, pero Herrera conserv\u00f3 el liderato. Pablo \u00c1lvarez tambi\u00e9n complet\u00f3 una buena actuaci\u00f3n en la crono y se mantuvo en las posiciones delanteras.<\/p>\n<p>En la tercera jornada, entre Fabara y Nonaspe, volvi\u00f3 a producirse una situaci\u00f3n diferente. La victoria correspondi\u00f3 a Juan Bastida, del G.D. Pi\u00f1ero Mart\u00ednez Motor BM, pero Herrera lleg\u00f3 en el grupo de cabeza y mantuvo el primer puesto de la general.<\/p>\n<p>La cuarta y \u00faltima etapa, con salida y llegada en Caspe, era la \u00faltima oportunidad para los rivales. Aitor Ros Ruiz, del El Nieto del Lobo-Nutriban (Murcia), se llev\u00f3 la victoria, pero el liderato permaneci\u00f3 en manos del corredor del GCBT.<\/p>\n<p>Herrera completaba as\u00ed las cuatro jornadas como l\u00edder. Desde la primera etapa hasta la \u00faltima, sin ceder el maillot amarillo.<\/p>\n<p><strong>Un equipo al servicio del l\u00edder<\/strong><\/p>\n<p>El resultado de N\u00e9stor Herrera no puede separarse del trabajo de sus compa\u00f1eros, todos ellos de Gran Canaria: Pablo \u00c1lvarez (Ag\u00fcimes), Asier \u00c1lvarez (Telde), Ayose Robaina Gonz\u00e1lez (Telde) y \u00c1lvaro G\u00f3mez Bethencourt (Ag\u00fcimes).<\/p>\n<p>Cada uno asumi\u00f3 su papel dentro de una estrategia com\u00fan para defender al l\u00edder. El trabajo de control, vigilancia y protecci\u00f3n fue fundamental para que Herrera pudiera conservar su ventaja hasta el final. Esa lucha constante produjo premios extras: Pablo \u00c1lvarez y Asier \u00c1lvarez terminaron 4\u00ba y 9\u00ba respectivamente entre los cadetes de 1\u00ba a\u00f1o y el equipo acab\u00f3 3\u00ba en la clasificaci\u00f3n general que, recordemos, estaba formada por 32 equipos.<\/p>\n<p><strong>Una trabajo bien hecho<\/strong><\/p>\n<p>Para el Gran Canaria Bike Team, el resultado supone una nueva confirmaci\u00f3n del trabajo desarrollado durante toda la temporada. La direcci\u00f3n deportiva, encabezada por Yojan Reyes, volvi\u00f3 a plantear una carrera en la que los corredores respondieron con un comportamiento y un nivel competitivo propios de categor\u00edas superiores.<\/p>\n<p>Cinco j\u00f3venes ciclistas de Gran Canaria compitiendo lejos de casa, frente a los mejores equipos espa\u00f1oles y ante una importante participaci\u00f3n internacional, regresan con una victoria en la clasificaci\u00f3n general y un tercer puesto por equipos.<\/p>\n<p>El resultado de Herrera es la parte m\u00e1s visible, pero detr\u00e1s del maillot amarillo est\u00e1 el trabajo de todo el equipo. Una forma de competir que el GCBT est\u00e1 consolidando carrera tras carrera y que vuelve a demostrar que el ciclismo de base de Gran Canaria puede competir y ganar al m\u00e1ximo nivel tambi\u00e9n fuera de las islas.<\/p>\n<p><strong>Resultados del Gran Canaria Bike Team<\/strong><\/p>\n<p>Clasificaci\u00f3n general<br \/>\n1.\u00ba N\u00e9stor Herrera (Teror) \u2014 Campe\u00f3n de la Vuelta al Bajo Arag\u00f3n.<\/p>\n<p>Clasificaci\u00f3n Cadete 1\u00ba a\u00f1o<\/p>\n<p>4.\u00ba Pablo \u00c1lvarez (Ag\u00fcimes) \u2014 19.\u00ba de la general absoluta.<br \/>\n9.\u00ba Asier \u00c1lvarez (Telde).<\/p>\n<p>Clasificaci\u00f3n general por equipos<\/p>\n<p>1. Isorex Cycling Team<\/p>\n<p>2. G.D. Pi\u00f1ero Mart\u00ednez Motor BM<\/p>\n<p>3. Gran Canaria Bike Team<\/p>\n","protected":false},"excerpt":{"rendered":"<p>El joven ciclista lider\u00f3 la clasificaci\u00f3n desde la primera etapa hasta el final, mientras que el conjunto grancanario termin\u00f3 tercero entre los 32 equipos participantes. El joven deportista terorense N\u00e9stor&hellip;<\/p>\n","protected":false},"author":1,"featured_media":3341,"comment_status":"open","ping_status":"open","sticky":false,"template":"","format":"standard","meta":{"wpai_generated_summary":"","wpai_meta_description":"","footnotes":""},"categories":[141],"tags":[],"class_list":["post-3340","post","type-post","status-publish","format-standard","has-post-thumbnail","hentry","category-ayuntamiento-de-teror"],"_links":{"self":[{"href":"https:\/\/nublo.tv\/index.php\/wp-json\/wp\/v2\/posts\/3340","targetHints":{"allow":["GET"]}}],"collection":[{"href":"https:\/\/nublo.tv\/index.php\/wp-json\/wp\/v2\/posts"}],"about":[{"href":"https:\/\/nublo.tv\/index.php\/wp-json\/wp\/v2\/types\/post"}],"author":[{"embeddable":true,"href":"https:\/\/nublo.tv\/index.php\/wp-json\/wp\/v2\/users\/1"}],"replies":[{"embeddable":true,"href":"https:\/\/nublo.tv\/index.php\/wp-json\/wp\/v2\/comments?post=3340"}],"version-history":[{"count":1,"href":"https:\/\/nublo.tv\/index.php\/wp-json\/wp\/v2\/posts\/3340\/revisions"}],"predecessor-version":[{"id":3343,"href":"https:\/\/nublo.tv\/index.php\/wp-json\/wp\/v2\/posts\/3340\/revisions\/3343"}],"wp:featuredmedia":[{"embeddable":true,"href":"https:\/\/nublo.tv\/index.php\/wp-json\/wp\/v2\/media\/3341"}],"wp:attachment":[{"href":"https:\/\/nublo.tv\/index.php\/wp-json\/wp\/v2\/media?parent=3340"}],"wp:term":[{"taxonomy":"category","embeddable":true,"href":"https:\/\/nublo.tv\/index.php\/wp-json\/wp\/v2\/categories?post=3340"},{"taxonomy":"post_tag","embeddable":true,"href":"https:\/\/nublo.tv\/index.php\/wp-json\/wp\/v2\/tags?post=3340"}],"curies":[{"name":"wp","href":"https:\/\/api.w.org\/{rel}","templated":true}]}}