{"id":3344,"date":"2026-08-13T11:10:03","date_gmt":"2026-08-13T10:10:03","guid":{"rendered":"https:\/\/nublo.tv\/?p=3344"},"modified":"2026-08-27T12:35:27","modified_gmt":"2026-08-27T11:35:27","slug":"el-ayuntamiento-activa-la-alerta-por-riesgo-de-incendios-forestales","status":"publish","type":"post","link":"https:\/\/nublo.tv\/index.php\/2026\/08\/13\/el-ayuntamiento-activa-la-alerta-por-riesgo-de-incendios-forestales\/","title":{"rendered":"El Ayuntamiento activa la alerta por riesgo de incendios forestales"},"content":{"rendered":"<p>El Ayuntamiento de Las Palmas de Gran Canaria, a trav\u00e9s del Servicio de Seguridad y Emergencias de la Concejal\u00eda de Seguridad, Convivencia y Cultura, activar\u00e1 a partir de las 11:00 horas de este jueves, 13 de agosto, el Plan de Emergencias Municipal de Las Palmas de Gran Canaria (PEMULPA) en situaci\u00f3n de alerta por riesgo de incendios forestales, siguiendo la actualizaci\u00f3n de la Direcci\u00f3n General de Emergencias del Gobierno de Canarias.<\/p>\n","protected":false},"excerpt":{"rendered":"<p>El Ayuntamiento de Las Palmas de Gran Canaria, a trav\u00e9s del Servicio de Seguridad y Emergencias de la Concejal\u00eda de Seguridad, Convivencia y Cultura, activar\u00e1 a partir de las 11:00&hellip;<\/p>\n","protected":false},"author":1,"featured_media":3345,"comment_status":"open","ping_status":"open","sticky":false,"template":"","format":"standard","meta":{"wpai_generated_summary":"","wpai_meta_description":"","footnotes":""},"categories":[132],"tags":[],"class_list":["post-3344","post","type-post","status-publish","format-standard","has-post-thumbnail","hentry","category-ayuntamiento-de-las-palmas-de-gran-canaria"],"_links":{"self":[{"href":"https:\/\/nublo.tv\/index.php\/wp-json\/wp\/v2\/posts\/3344","targetHints":{"allow":["GET"]}}],"collection":[{"href":"https:\/\/nublo.tv\/index.php\/wp-json\/wp\/v2\/posts"}],"about":[{"href":"https:\/\/nublo.tv\/index.php\/wp-json\/wp\/v2\/types\/post"}],"author":[{"embeddable":true,"href":"https:\/\/nublo.tv\/index.php\/wp-json\/wp\/v2\/users\/1"}],"replies":[{"embeddable":true,"href":"https:\/\/nublo.tv\/index.php\/wp-json\/wp\/v2\/comments?post=3344"}],"version-history":[{"count":1,"href":"https:\/\/nublo.tv\/index.php\/wp-json\/wp\/v2\/posts\/3344\/revisions"}],"predecessor-version":[{"id":3354,"href":"https:\/\/nublo.tv\/index.php\/wp-json\/wp\/v2\/posts\/3344\/revisions\/3354"}],"wp:featuredmedia":[{"embeddable":true,"href":"https:\/\/nublo.tv\/index.php\/wp-json\/wp\/v2\/media\/3345"}],"wp:attachment":[{"href":"https:\/\/nublo.tv\/index.php\/wp-json\/wp\/v2\/media?parent=3344"}],"wp:term":[{"taxonomy":"category","embeddable":true,"href":"https:\/\/nublo.tv\/index.php\/wp-json\/wp\/v2\/categories?post=3344"},{"taxonomy":"post_tag","embeddable":true,"href":"https:\/\/nublo.tv\/index.php\/wp-json\/wp\/v2\/tags?post=3344"}],"curies":[{"name":"wp","href":"https:\/\/api.w.org\/{rel}","templated":true}]}}