{"id":3349,"date":"2026-08-13T11:10:08","date_gmt":"2026-08-13T10:10:08","guid":{"rendered":"https:\/\/nublo.tv\/?p=3349"},"modified":"2026-08-27T12:35:27","modified_gmt":"2026-08-27T11:35:27","slug":"keev-carballo-estreno-su-espectaculo-el-viaje-en-las-fiestas-de-la-virgen-2026","status":"publish","type":"post","link":"https:\/\/nublo.tv\/index.php\/2026\/08\/13\/keev-carballo-estreno-su-espectaculo-el-viaje-en-las-fiestas-de-la-virgen-2026\/","title":{"rendered":"Keev Carballo estren\u00f3 su espect\u00e1culo \u2018El Viaje\u2019 en las Fiestas de La Virgen 2026"},"content":{"rendered":"<ul>\n<li><strong>El artista grancanario repas\u00f3 los grandes \u00e9xitos del pop-rock en espa\u00f1ol de los \u00faltimos 25 a\u00f1os en la Plaza Grande de Gu\u00eda<\/strong><\/li>\n<\/ul>\n<p><strong>\u00a0<\/strong><strong>Gu\u00eda, 13 de agosto de 2026.-<\/strong> La buena m\u00fasica protagoniz\u00f3 este mi\u00e9rcoles una nueva noche festiva en el municipio de Gu\u00eda con el estreno del espect\u00e1culo <em>El Viaje<\/em> de Keev Carballo, un recorrido por el panorama musical en espa\u00f1ol de los \u00faltimos 25 a\u00f1os, con canciones de Man\u00e1, Fito y Fitipaldis, Estopa, Luis Fonsi y otros que marcaron al artista en sus gustos musicales.<\/p>\n<p>Con una orquesta en vivo, el p\u00fablico asistente en la Plaza Grande disfrut\u00f3 de las canciones que tambi\u00e9n son parte de su bagaje musical, haciendo\u00a0 del del escenario principal de estas fiestas un aut\u00e9ntico punto de encuentro.<\/p>\n<p>Keev Carballo, este cantante nacido en La Isleta, se dio a conocer al p\u00fablico como vocalista de Armon\u00eda Show, grupo en el que sigue en activo, pero su deseo de sacar proyectos por cuenta propia, lo llev\u00f3 a sacar este proyecto con la productora <em>CVision<\/em>, del empresario y manager de Carballo, Crist\u00f3bal Vega.<\/p>\n<p><em>El Viaje<\/em> ten\u00eda previsto su estreno el 5 de enero, pero las condiciones metereol\u00f3gicas de este pasado invierno obligaron a posponerlo hasta ahora, estren\u00e1ndose en primicia en las Fiestas de la Virgen.<\/p>\n<p>Hoy jueves comienzan los d\u00edas grandes de las Fiestas de la Virgen, con la Cabalgata de Carrozas, que ser\u00e1 retransmitida en directo por las redes sociales del Ayuntamiento y los medios locales, \u00a0y con la m\u00fasica de nuevo como protagonista con el concierto de Adu\u00e9n Amaya.<\/p>\n","protected":false},"excerpt":{"rendered":"<p>El artista grancanario repas\u00f3 los grandes \u00e9xitos del pop-rock en espa\u00f1ol de los \u00faltimos 25 a\u00f1os en la Plaza Grande de Gu\u00eda \u00a0Gu\u00eda, 13 de agosto de 2026.- La buena&hellip;<\/p>\n","protected":false},"author":1,"featured_media":3350,"comment_status":"open","ping_status":"open","sticky":false,"template":"","format":"standard","meta":{"wpai_generated_summary":"","wpai_meta_description":"","footnotes":""},"categories":[138],"tags":[],"class_list":["post-3349","post","type-post","status-publish","format-standard","has-post-thumbnail","hentry","category-ayuntamiento-de-santa-maria-de-guia"],"_links":{"self":[{"href":"https:\/\/nublo.tv\/index.php\/wp-json\/wp\/v2\/posts\/3349","targetHints":{"allow":["GET"]}}],"collection":[{"href":"https:\/\/nublo.tv\/index.php\/wp-json\/wp\/v2\/posts"}],"about":[{"href":"https:\/\/nublo.tv\/index.php\/wp-json\/wp\/v2\/types\/post"}],"author":[{"embeddable":true,"href":"https:\/\/nublo.tv\/index.php\/wp-json\/wp\/v2\/users\/1"}],"replies":[{"embeddable":true,"href":"https:\/\/nublo.tv\/index.php\/wp-json\/wp\/v2\/comments?post=3349"}],"version-history":[{"count":1,"href":"https:\/\/nublo.tv\/index.php\/wp-json\/wp\/v2\/posts\/3349\/revisions"}],"predecessor-version":[{"id":3355,"href":"https:\/\/nublo.tv\/index.php\/wp-json\/wp\/v2\/posts\/3349\/revisions\/3355"}],"wp:featuredmedia":[{"embeddable":true,"href":"https:\/\/nublo.tv\/index.php\/wp-json\/wp\/v2\/media\/3350"}],"wp:attachment":[{"href":"https:\/\/nublo.tv\/index.php\/wp-json\/wp\/v2\/media?parent=3349"}],"wp:term":[{"taxonomy":"category","embeddable":true,"href":"https:\/\/nublo.tv\/index.php\/wp-json\/wp\/v2\/categories?post=3349"},{"taxonomy":"post_tag","embeddable":true,"href":"https:\/\/nublo.tv\/index.php\/wp-json\/wp\/v2\/tags?post=3349"}],"curies":[{"name":"wp","href":"https:\/\/api.w.org\/{rel}","templated":true}]}}