{"id":3351,"date":"2026-08-13T11:10:18","date_gmt":"2026-08-13T10:10:18","guid":{"rendered":"https:\/\/nublo.tv\/?p=3351"},"modified":"2026-08-27T12:35:27","modified_gmt":"2026-08-27T11:35:27","slug":"lo-blanco-celebra-el-fin-de-semana-su-romeria-y-dia-principal-de-la-festividad-de-san-antonio-ma-claret","status":"publish","type":"post","link":"https:\/\/nublo.tv\/index.php\/2026\/08\/13\/lo-blanco-celebra-el-fin-de-semana-su-romeria-y-dia-principal-de-la-festividad-de-san-antonio-ma-claret\/","title":{"rendered":"Lo Blanco celebra el fin de semana su Romer\u00eda y D\u00eda Principal de la festividad de San Antonio M\u00aa Claret"},"content":{"rendered":"<p><strong>Con motivo de estos eventos, se realizar\u00e1 un corte m\u00f3vil de tr\u00e1fico en la carretera general GC-211, en el tramo comprendido entre La Cruz y El Cruce de Lo Blanco, el s\u00e1bado 15 de agosto desde las 18:30 a las 22:00 horas; y el domingo 16 de agosto desde las 19:30 a las 22:30 horas. <\/strong><\/p>\n<p>El barrio de Lo Blanco culmina este fin de semana sus fiestas en honor a San Antonio M\u00aa Claret, con la Romer\u00eda Ofrenda este s\u00e1bado 15 de agosto, a partir de las 19:30 horas, y posterior verbena con \u2018Star Music\u2019 y \u2018Dj Promaster\u2019. El domingo 16\u00a0 de agosto llegar\u00e1 la Exposici\u00f3n de Canaricultura y Muestra de Ganado, por la ma\u00f1ana, a partir de las 10:00 horas, y a partir de las 19:00 horas, funci\u00f3n religiosa en honor a San Antonio M\u00aa Claret y procesi\u00f3n. <a href=\"https:\/\/teror.es\/wp-content\/uploads\/2026\/07\/PROGRAMA_LOBLANCO_2026_OK.pdf\">PROGRAMA<\/a><\/p>\n<p>El programa organizado elaborado por la Asociaci\u00f3n de Vecinos San Valeriano y la colaboraci\u00f3n del Ayuntamiento de Teror, desde el \u00e1rea de Barrios, que dirige Manuel Far\u00edas, ofrece adem\u00e1s este viernes 14 de agosto la actuaci\u00f3n de El\u00edas Uche, a las 20:30 horas.<\/p>\n<p>Con motivo de estos eventos, se realizar\u00e1 un corte m\u00f3vil de tr\u00e1fico en la carretera general GC-211, en el tramo comprendido entre La Cruz y El Cruce de Lo Blanco, el s\u00e1bado 15 de agosto desde las 18:30 a las 22:00 horas; y el domingo 16 de agosto desde las 19:30 a las 22:30 horas. La circulaci\u00f3n estar\u00e1 regulada mediante cortes m\u00f3viles para garantizar la seguridad de participantes, vecinos y conductores.<\/p>\n<p>Lo Blanco\u00a0 inici\u00f3 el pasado 30 de julio sus fiestas patronales, con el aplaudido preg\u00f3n del cronista oficial de la isla de Gran Canaria y de Las Palmas de Gran Canaria, Juan Jos\u00e9 Laforet. El barrio terorense celebr\u00f3 este a\u00f1o adem\u00e1s el 50 aniversario de la Asociaci\u00f3n de Vecinos San Valeriano\u00a0 con un programa de actos que puso en valor la historia y la identidad de este barrio terorense.<\/p>\n<p>\u00a0<\/p>\n","protected":false},"excerpt":{"rendered":"<p>Con motivo de estos eventos, se realizar\u00e1 un corte m\u00f3vil de tr\u00e1fico en la carretera general GC-211, en el tramo comprendido entre La Cruz y El Cruce de Lo Blanco,&hellip;<\/p>\n","protected":false},"author":1,"featured_media":3352,"comment_status":"open","ping_status":"open","sticky":false,"template":"","format":"standard","meta":{"wpai_generated_summary":"","wpai_meta_description":"","footnotes":""},"categories":[141],"tags":[],"class_list":["post-3351","post","type-post","status-publish","format-standard","has-post-thumbnail","hentry","category-ayuntamiento-de-teror"],"_links":{"self":[{"href":"https:\/\/nublo.tv\/index.php\/wp-json\/wp\/v2\/posts\/3351","targetHints":{"allow":["GET"]}}],"collection":[{"href":"https:\/\/nublo.tv\/index.php\/wp-json\/wp\/v2\/posts"}],"about":[{"href":"https:\/\/nublo.tv\/index.php\/wp-json\/wp\/v2\/types\/post"}],"author":[{"embeddable":true,"href":"https:\/\/nublo.tv\/index.php\/wp-json\/wp\/v2\/users\/1"}],"replies":[{"embeddable":true,"href":"https:\/\/nublo.tv\/index.php\/wp-json\/wp\/v2\/comments?post=3351"}],"version-history":[{"count":1,"href":"https:\/\/nublo.tv\/index.php\/wp-json\/wp\/v2\/posts\/3351\/revisions"}],"predecessor-version":[{"id":3356,"href":"https:\/\/nublo.tv\/index.php\/wp-json\/wp\/v2\/posts\/3351\/revisions\/3356"}],"wp:featuredmedia":[{"embeddable":true,"href":"https:\/\/nublo.tv\/index.php\/wp-json\/wp\/v2\/media\/3352"}],"wp:attachment":[{"href":"https:\/\/nublo.tv\/index.php\/wp-json\/wp\/v2\/media?parent=3351"}],"wp:term":[{"taxonomy":"category","embeddable":true,"href":"https:\/\/nublo.tv\/index.php\/wp-json\/wp\/v2\/categories?post=3351"},{"taxonomy":"post_tag","embeddable":true,"href":"https:\/\/nublo.tv\/index.php\/wp-json\/wp\/v2\/tags?post=3351"}],"curies":[{"name":"wp","href":"https:\/\/api.w.org\/{rel}","templated":true}]}}