{"id":3359,"date":"2026-08-13T13:56:52","date_gmt":"2026-08-13T12:56:52","guid":{"rendered":"http:\/\/nublo.tv\/?p=3359"},"modified":"2026-08-27T12:35:27","modified_gmt":"2026-08-27T11:35:27","slug":"comienzan-este-fin-de-semana-las-fiestas-en-honor-a-la-virgen-del-pino-en-arinaga","status":"publish","type":"post","link":"https:\/\/nublo.tv\/index.php\/2026\/08\/13\/comienzan-este-fin-de-semana-las-fiestas-en-honor-a-la-virgen-del-pino-en-arinaga\/","title":{"rendered":"Comienzan este fin de semana las fiestas en honor a la Virgen del Pino en Arinaga."},"content":{"rendered":"<p class=\"wp-block-paragraph\"><strong>La programaci\u00f3n incluye como actos m\u00e1s destacados La Var\u00e1 del Pescao, el festival Una Mar de Encanto, la Fiesta Ochentera y el encuentro juvenil Mareas Vivas.\u00a0\u00a0\u00a0\u00a0<\/strong><\/p>\n<p class=\"wp-block-paragraph\">Arinaga celebrar\u00e1 del 15 de agosto al 12 de septiembre sus fiestas en honor a la Virgen del Pino con una completa programaci\u00f3n de actividades culturales, l\u00fadicas y deportivas. Entre ellas destacan la trig\u00e9sima edici\u00f3n de La Var\u00e1 del Pescao, que este a\u00f1o se celebrar\u00e1 el viernes 28 de agosto, el festival musical Una Mar de Encanto, el 21 y 22 de agosto, la Fiesta Ochentera que organizar\u00e1n Los 40 Classic el 29 de agosto y el encuentro juvenil Mareas Vivas que volver\u00e1 a convertir el&nbsp;<em>Skate Park<\/em>&nbsp;de Arinaga en un espacio de m\u00fasica, juegos y exhibiciones deportivas.<\/p>\n<p class=\"wp-block-paragraph\">Los actos comenzar\u00e1n este s\u00e1bado, 15 de agosto, a las 12:00 horas, en la Caseta del Muelle, con el espect\u00e1culo infantil \u2018Circ\u00f3patas\u2019. Por la tarde tendr\u00e1 lugar el concierto de Reina de Sal, dentro del ciclo de actuaciones de \u2018Un Verano al Aire Libre\u2019 que el Ayuntamiento de Ag\u00fcimes organiza durante los meses estivales en diferentes emplazamientos de Arinaga. Al d\u00eda siguiente, el domingo 16, se celebrar\u00e1 en el Polideportivo Municipal el primero de los diferentes eventos deportivos de las fiestas, el Raid de Arinaga 2026, una competici\u00f3n deportiva multidisciplinar que consiste en realizar un recorrido predeterminado con la ayuda de un mapa y una br\u00fajula, adem\u00e1s de pruebas espec\u00edficas de fuerza, equilibrio y precisi\u00f3n. El jueves 20, la m\u00fasica de Cuenta Atr\u00e1s amenizar\u00e1 la noche de pinchos en los diferentes establecimientos alrededor de la Avenida Poliz\u00f3n, mientras que el viernes 21 se inaugurar\u00e1 en la plaza la Feria de Atracciones, un espacio de disfrute familiar que permanecer\u00e1 abierto hasta el 8 de septiembre.&nbsp;<\/p>\n<p class=\"wp-block-paragraph\">El festival Una Mar de Encanto ser\u00e1 el evento central del 21 y 22 de agosto, con las actuaciones de Tri\u00e1ngulo Sonoro, la artista camerunesa Lornoar, los legendarios Snack Ska, el grupo Cham\u00e1n con su \u2018Tributo a Man\u00e1\u2019 y Rupatrupa, proyecto musical independiente basado en las canciones del madrile\u00f1o Roberto Ruido. Las actividades para todos los p\u00fablicos se suceder\u00e1n los d\u00edas 22 y 23 de agosto, con el espect\u00e1culo del payaso Zapitto, juegos acu\u00e1ticos en el Soco Negro y la m\u00fasica de Kalima Lim\u00f3n, Jos\u00e9 Luis Montesdeoca y Hach\u00e9 Tamarindos. El mi\u00e9rcoles 26 a partir de las 17:00 habr\u00e1 d\u00eda de la familia en la plaza, con precios econ\u00f3micos para disfrutar de la Feria de Atracciones. A las 20:00, en el Muelle, Germ\u00e1n L\u00f3pez, dirigir\u00e1 el espect\u00e1culo \u2018Timples y otras peque\u00f1as guitarras del mundo\u2019. El jueves 27 Tataband animar\u00e1 la Noche de Pinchos en la Avenida Poliz\u00f3n.&nbsp;<\/p>\n<p class=\"wp-block-paragraph\"><strong>30 aniversario de La Var\u00e1 del Pescao<\/strong><\/p>\n<p class=\"wp-block-paragraph\">El evento m\u00e1s popular de las fiestas volver\u00e1 a ser La Var\u00e1 del Pescao, que este a\u00f1o cumple su 30\u00aa edici\u00f3n. Se llevar\u00e1 a cabo el viernes 28 de agosto. Comenzar\u00e1 a las 17:30, en el Puesto de Socorro, con las agrupaciones folcl\u00f3ricas Tabaiba y Merita la Pena que animar\u00e1n la llegada de la barca con el pescado, prevista para las 18:00. Con posterioridad comenzar\u00e1 el recorrido de la multitudinaria romer\u00eda marinera, acompa\u00f1ada de la parranda Viejo Cafet\u00edn, la parranda El Lej\u00edo y la Banda Isle\u00f1a.&nbsp;<\/p>\n<p class=\"wp-block-paragraph\">La fiesta continuar\u00e1 en la plaza por la noche, a partir de las 22:00, con la verbena amenizada por Star Music y Grupo Arena. Los fuegos artificiales desde el Muelle, a las 23:00, ser\u00e1n el colof\u00f3n de una celebraci\u00f3n popular que&nbsp;busca proteger y difundir el patrimonio hist\u00f3rico local, reforzar la identidad de Arinaga y rendir homenaje a las familias de pescadores que contribuyeron al desarrollo de este n\u00facleo costero.<\/p>\n<p class=\"wp-block-paragraph\">Para facilitar el transporte seguro durante La Var\u00e1 se habilitar\u00e1n servicios especiales de guaguas, cuyo horario podr\u00e1 ser consultado en la p\u00e1gina web municipal&nbsp;<a href=\"http:\/\/aguimes.es\/movilidad\/\">aguimes.es\/movilidad\/<\/a>. La parada de guaguas estar\u00e1 ubicada en la entrada de Arinaga, en la carretera general, a pocos metros de la rotonda principal. All\u00ed tambi\u00e9n se situar\u00e1 la parada de taxis provisional para facilitar el uso del transporte p\u00fablico. Quienes prefieran acudir a la fiesta en su propio veh\u00edculo deber\u00e1n estacionar en las zonas de aparcamientos del Pol\u00edgono Industrial, del Canal, del Muelle Viejo y del Polideportivo. En la calle L\u00f3pez de Hoces se reservar\u00e1n estacionamientos para personas con movilidad reducida.<\/p>\n<p class=\"wp-block-paragraph\"><strong>Fiesta Ochentera y encuentro juvenil Mareas Vivas<\/strong><\/p>\n<p class=\"wp-block-paragraph\">Las fiestas del Pino tendr\u00e1n continuidad el s\u00e1bado 29 de agosto, el d\u00eda despu\u00e9s de La Var\u00e1, con el torneo de petanca Fefo Vi\u00f1oly, el espect\u00e1culo infantil de An\u00edbal el Mago y, ya por la noche, a partir de las 22:30, la Fiesta Ochentera organizada por Los 40 Classic, en la que actuar\u00e1n Ar\u00edstides Moreno y la 101 Brass Band, The Gafapasta y el Dj Juan Borr\u00e1s. El deporte ser\u00e1 protagonista el domingo 30 de agosto en la bah\u00eda de Arinaga, con la celebraci\u00f3n de la Traves\u00eda a Nado. Por la tarde, en la Caseta del Muelle, actuar\u00e1n el violinista Jos\u00e9 Luis Montesdeoca y el grupo Maldita EGB.&nbsp;<\/p>\n<p class=\"wp-block-paragraph\">El 2 de septiembre, a partir de las 17:00 horas, volver\u00e1 a celebrarse el D\u00eda de la Familia con precios especiales en la Feria de Atracciones. A las 19:00, en el local del Club de Amigos de Arinaga tendr\u00e1 lugar el torneo de domin\u00f3 por equipos \u2018Virgen del Pino 2026\u2019 y a las 21:00, en la plaza, actuar\u00e1 el Ballet Sensaci\u00f3n. El jueves 3 de septiembre, Apolo GC amenizar\u00e1 la Noche de Pinchos en la Avenida Poliz\u00f3n mientras que el viernes 4, a partir de las 16:00, tendr\u00e1 lugar el \u00faltimo evento multitudinario de las fiestas, con la celebraci\u00f3n del encuentro juvenil Mareas Vivas en el&nbsp;<em>Skate Park<\/em>&nbsp;de Arinaga: deportes urbanos, actuaciones de nuevos talentos musicales, juegos y atracciones pensadas por y para j\u00f3venes.<\/p>\n<p class=\"wp-block-paragraph\">El 4 de septiembre por la noche, a partir de las 22:30, en la plaza, ser\u00e1 el turno de la Noche de Salsa, con la actuaci\u00f3n de los grupos Troveros de Asieta y Son del Caney. El s\u00e1bado 5, tambi\u00e9n en la plaza de Arinaga, se celebrar\u00e1 el Festival Folcl\u00f3rico, que contar\u00e1 con las agrupaciones Estampa Burgalesa (Burgos), Pedro de Hautacuperche (La Gomera), Chemida (Las Palmas de Gran Canaria) y Argones (Ag\u00fcimes). El 6 de septiembre, a las 19:00, habr\u00e1 teatro al aire libre para toda la familia con la representaci\u00f3n de Mary Poppins. El escenario de la plaza tambi\u00e9n acoger\u00e1 el 7 de septiembre, a partir de las 22:30, la verbena amenizada por Armon\u00eda Show y Ladys del Swing, mientras que el 8 de septiembre, a las 21:00, Mara P\u00e9rez protagonizar\u00e1 el espect\u00e1culo musical \u2018Bejeque en M\u00e9xico\u2019. El 9 y 12 de septiembre se celebrar\u00e1 el torneo de domin\u00f3 por parejas y el jueves 10 de septiembre Tataband amenizar\u00e1 la \u00faltima Noche de Pinchos. La programaci\u00f3n de las fiestas del Pino 2026 puede ser consultada al completo en la p\u00e1gina web municipal&nbsp;<a href=\"http:\/\/www.xn--agimes-4ya.es\/\">www.ag\u00fcimes.es<\/a>.<\/p>\n<figure class=\"wp-block-image size-large\"><img loading=\"lazy\" decoding=\"async\" width=\"1022\" height=\"1024\" src=\"https:\/\/aguimes.es\/wp-content\/uploads\/2026\/08\/FIESTAS-DEL-PINO-ARINAGA-2026-1022x1024.png\" alt=\"\" class=\"wp-image-82286\" \/><\/figure>\n<p class=\"wp-block-paragraph\">\n<figure class=\"wp-block-gallery has-nested-images columns-2 is-cropped wp-block-gallery-1 is-layout-flex wp-block-gallery-is-layout-flex\">\n<figure class=\"wp-block-image size-large\"><img loading=\"lazy\" decoding=\"async\" width=\"1024\" height=\"768\" data-id=\"76944\" src=\"https:\/\/aguimes.es\/wp-content\/uploads\/2025\/08\/29-Vara-del-Pescao-11-1024x768.jpeg\" alt=\"\" class=\"wp-image-76944\" \/><\/figure>\n<figure class=\"wp-block-image size-large\"><img loading=\"lazy\" decoding=\"async\" width=\"1024\" height=\"512\" data-id=\"76943\" src=\"https:\/\/aguimes.es\/wp-content\/uploads\/2025\/08\/29-Vara-del-Pescao-9-1024x512.jpg\" alt=\"\" class=\"wp-image-76943\" \/><\/figure>\n<figure class=\"wp-block-image size-large\"><img decoding=\"async\" loading=\"lazy\" width=\"1024\" height=\"512\" data-id=\"76942\" src=\"https:\/\/aguimes.es\/wp-content\/uploads\/2025\/08\/29-Vara-del-Pescao-8-1024x512.jpg\" alt=\"\" class=\"wp-image-76942\" \/><\/figure>\n<figure class=\"wp-block-image size-large\"><img decoding=\"async\" loading=\"lazy\" width=\"1024\" height=\"512\" data-id=\"76940\" src=\"https:\/\/aguimes.es\/wp-content\/uploads\/2025\/08\/29-Vara-del-Pescao-6-1024x512.jpg\" alt=\"\" class=\"wp-image-76940\" \/><\/figure>\n<figure class=\"wp-block-image size-large\"><img decoding=\"async\" loading=\"lazy\" width=\"1024\" height=\"512\" data-id=\"76937\" src=\"https:\/\/aguimes.es\/wp-content\/uploads\/2025\/08\/29-Vara-del-Pescao-3-1024x512.jpg\" alt=\"\" class=\"wp-image-76937\" \/><\/figure>\n<figure class=\"wp-block-image size-large\"><img decoding=\"async\" loading=\"lazy\" width=\"1024\" height=\"512\" data-id=\"76935\" src=\"https:\/\/aguimes.es\/wp-content\/uploads\/2025\/08\/29-Vara-del-Pescao-1-1024x512.jpg\" alt=\"\" class=\"wp-image-76935\" \/><\/figure>\n<figure class=\"wp-block-image size-large\"><img decoding=\"async\" loading=\"lazy\" width=\"1024\" height=\"683\" data-id=\"76810\" src=\"https:\/\/aguimes.es\/wp-content\/uploads\/2025\/08\/20230825-La_Vara_del_Pescao_062-1024x683.jpeg\" alt=\"\" class=\"wp-image-76810\" \/><\/figure>\n<figure class=\"wp-block-image size-large\"><img decoding=\"async\" loading=\"lazy\" width=\"1024\" height=\"683\" data-id=\"76808\" src=\"https:\/\/aguimes.es\/wp-content\/uploads\/2025\/08\/20230825-La_Vara_del_Pescao_053-1024x683.jpeg\" alt=\"\" class=\"wp-image-76808\" \/><\/figure>\n<figure class=\"wp-block-image size-large\"><img decoding=\"async\" loading=\"lazy\" width=\"1024\" height=\"683\" data-id=\"69660\" src=\"https:\/\/aguimes.es\/wp-content\/uploads\/2024\/08\/vara-pescao-001-1024x683.jpg\" alt=\"\" class=\"wp-image-69660\" \/><\/figure>\n<figure class=\"wp-block-image size-large\"><img decoding=\"async\" loading=\"lazy\" width=\"1024\" height=\"683\" data-id=\"69661\" src=\"https:\/\/aguimes.es\/wp-content\/uploads\/2024\/08\/vara-pescao-006-1024x683.jpg\" alt=\"\" class=\"wp-image-69661\" \/><\/figure>\n<\/figure>\n<p>The post <a href=\"https:\/\/aguimes.es\/comienzan-este-fin-de-semana-las-fiestas-en-honor-a-la-virgen-del-pino-en-arinaga\/\">Comienzan este fin de semana las fiestas en honor a la Virgen del Pino en Arinaga.<\/a> appeared first on <a href=\"https:\/\/aguimes.es\"><\/a>.<\/p>\n","protected":false},"excerpt":{"rendered":"<p>La programaci\u00f3n incluye como actos m\u00e1s destacados La Var\u00e1 del Pescao, el festival Una Mar de Encanto, la Fiesta Ochentera y el encuentro juvenil Mareas Vivas.\u00a0\u00a0\u00a0\u00a0 Arinaga celebrar\u00e1 del 15&hellip;<\/p>\n","protected":false},"author":1,"featured_media":3360,"comment_status":"open","ping_status":"open","sticky":false,"template":"","format":"standard","meta":{"wpai_generated_summary":"","wpai_meta_description":"","footnotes":""},"categories":[125],"tags":[],"class_list":["post-3359","post","type-post","status-publish","format-standard","has-post-thumbnail","hentry","category-ayuntamiento-de-aguimes"],"_links":{"self":[{"href":"https:\/\/nublo.tv\/index.php\/wp-json\/wp\/v2\/posts\/3359","targetHints":{"allow":["GET"]}}],"collection":[{"href":"https:\/\/nublo.tv\/index.php\/wp-json\/wp\/v2\/posts"}],"about":[{"href":"https:\/\/nublo.tv\/index.php\/wp-json\/wp\/v2\/types\/post"}],"author":[{"embeddable":true,"href":"https:\/\/nublo.tv\/index.php\/wp-json\/wp\/v2\/users\/1"}],"replies":[{"embeddable":true,"href":"https:\/\/nublo.tv\/index.php\/wp-json\/wp\/v2\/comments?post=3359"}],"version-history":[{"count":1,"href":"https:\/\/nublo.tv\/index.php\/wp-json\/wp\/v2\/posts\/3359\/revisions"}],"predecessor-version":[{"id":3388,"href":"https:\/\/nublo.tv\/index.php\/wp-json\/wp\/v2\/posts\/3359\/revisions\/3388"}],"wp:featuredmedia":[{"embeddable":true,"href":"https:\/\/nublo.tv\/index.php\/wp-json\/wp\/v2\/media\/3360"}],"wp:attachment":[{"href":"https:\/\/nublo.tv\/index.php\/wp-json\/wp\/v2\/media?parent=3359"}],"wp:term":[{"taxonomy":"category","embeddable":true,"href":"https:\/\/nublo.tv\/index.php\/wp-json\/wp\/v2\/categories?post=3359"},{"taxonomy":"post_tag","embeddable":true,"href":"https:\/\/nublo.tv\/index.php\/wp-json\/wp\/v2\/tags?post=3359"}],"curies":[{"name":"wp","href":"https:\/\/api.w.org\/{rel}","templated":true}]}}