{"id":3361,"date":"2026-08-13T13:59:05","date_gmt":"2026-08-13T12:59:05","guid":{"rendered":"http:\/\/nublo.tv\/?p=3361"},"modified":"2026-08-27T12:35:27","modified_gmt":"2026-08-27T11:35:27","slug":"el-cabildo-avanza-la-instalacion-de-un-nuevo-sistema-de-secado-termico-del-digesto-en-el-ecoparque-norte","status":"publish","type":"post","link":"https:\/\/nublo.tv\/index.php\/2026\/08\/13\/el-cabildo-avanza-la-instalacion-de-un-nuevo-sistema-de-secado-termico-del-digesto-en-el-ecoparque-norte\/","title":{"rendered":"El Cabildo avanza la instalacio\u0301n de un nuevo sistema de secado te\u0301rmico del digesto en el Ecoparque Norte"},"content":{"rendered":"<p>El Cabildo avanza la instalaci\u00f3n de un nuevo sistema de secado t\u00e9rmico del digesto en el Ecoparque Norte<\/p>\n<p>Esta tecnolog\u00eda permite transformar el residuo en abono org\u00e1nico seco, higienizado y f\u00e1cil de almacenar y aprovechar mejor el biog\u00e1s generado en las instalaciones<\/p>\n<p>Gran Canaria, 13 de agosto de 2026.  El Cabildo de Gran Canaria, a trav\u00e9s de la Consejer\u00eda de Medio Ambiente, Clima, Energ\u00eda y Conocimiento, avanza en la modernizaci\u00f3n del Ecoparque Gran Canaria Norte con la instalaci\u00f3n de los nuevos equipos de secado t\u00e9rmico del digesto.<\/p>\n<p>Los residuos org\u00e1nicos que llegan al Ecoparque son sometidos a un proceso de biometanizaci\u00f3n que, entre otros resultados, genera biog\u00e1s y permite obtener un material org\u00e1nico pastoso denominado digesto. La nueva instalaci\u00f3n servir\u00e1 para extraer buena parte de la humedad de este material y obtener un producto seco e higienizado, mucho m\u00e1s sencillo de manejar, almacenar y transportar.<\/p>\n<p>La actuaci\u00f3n contempla la sustituci\u00f3n de las centr\u00edfugas actuales por equipos de mayor eficiencia y la instalaci\u00f3n de un nuevo sistema compacto de secado t\u00e9rmico de capa fina. Este sistema permitir\u00e1 reducir la humedad del digesto hasta alcanzar aproximadamente un 65%, lo que facilitar\u00e1 su manipulaci\u00f3n y favorecer\u00e1 su posterior aprovechamiento como abono o enmienda org\u00e1nica.<\/p>\n<p>Adem\u00e1s, permitir\u00e1 aprovechar la energ\u00eda que produce el propio Ecoparque, al mejorar la eficiencia del proceso de secado, reduciendo la cantidad de biog\u00e1s generado en las instalaciones que actualmente se utiliza en  la caldera t\u00e9rmica para producir calor, que podr\u00e1 destinarse a otros usos dentro de las instalaciones o verterse como excedente no utilizado a la red el\u00e9ctrica.<\/p>\n<p>&nbsp;<\/p>\n<p>El nuevo sistema de secado compacto se est\u00e1 instalando en la nave de proceso de la Fase II de Biometanizaci\u00f3n y forma parte de las obras complementarias del Ecoparque GC Norte, que cuentan con una inversi\u00f3n total prevista de m\u00e1s de 10 millones de euros, de los que 6.121.845 euros corresponden a esta actuaci\u00f3n de mejora del sistema de tratamiento y secado del digesto, que cuenta con tres millones de euros de financiaci\u00f3n con cargo al FDCAN.<\/p>\n<p>La Consejer\u00eda contin\u00faa avanzando en el objetivo de dotar a Gran Canaria de unas infraestructuras ambientales modernas y eficientes, capaces de mejorar la gesti\u00f3n de los residuos y de implementar un modelo m\u00e1s sostenible y de mayor aprovechamiento de los recursos y la energ\u00eda generada durante el proceso de tratamiento.<\/p>\n<p>&nbsp;<\/p>\n","protected":false},"excerpt":{"rendered":"<p>El Cabildo avanza la instalaci\u00f3n de un nuevo sistema de secado t\u00e9rmico del digesto en el Ecoparque Norte Esta tecnolog\u00eda permite transformar el residuo en abono org\u00e1nico seco, higienizado y&hellip;<\/p>\n","protected":false},"author":1,"featured_media":3362,"comment_status":"open","ping_status":"open","sticky":false,"template":"","format":"standard","meta":{"wpai_generated_summary":"","wpai_meta_description":"","footnotes":""},"categories":[148],"tags":[],"class_list":["post-3361","post","type-post","status-publish","format-standard","has-post-thumbnail","hentry","category-cabildo-de-gran-canaria"],"_links":{"self":[{"href":"https:\/\/nublo.tv\/index.php\/wp-json\/wp\/v2\/posts\/3361","targetHints":{"allow":["GET"]}}],"collection":[{"href":"https:\/\/nublo.tv\/index.php\/wp-json\/wp\/v2\/posts"}],"about":[{"href":"https:\/\/nublo.tv\/index.php\/wp-json\/wp\/v2\/types\/post"}],"author":[{"embeddable":true,"href":"https:\/\/nublo.tv\/index.php\/wp-json\/wp\/v2\/users\/1"}],"replies":[{"embeddable":true,"href":"https:\/\/nublo.tv\/index.php\/wp-json\/wp\/v2\/comments?post=3361"}],"version-history":[{"count":2,"href":"https:\/\/nublo.tv\/index.php\/wp-json\/wp\/v2\/posts\/3361\/revisions"}],"predecessor-version":[{"id":3402,"href":"https:\/\/nublo.tv\/index.php\/wp-json\/wp\/v2\/posts\/3361\/revisions\/3402"}],"wp:featuredmedia":[{"embeddable":true,"href":"https:\/\/nublo.tv\/index.php\/wp-json\/wp\/v2\/media\/3362"}],"wp:attachment":[{"href":"https:\/\/nublo.tv\/index.php\/wp-json\/wp\/v2\/media?parent=3361"}],"wp:term":[{"taxonomy":"category","embeddable":true,"href":"https:\/\/nublo.tv\/index.php\/wp-json\/wp\/v2\/categories?post=3361"},{"taxonomy":"post_tag","embeddable":true,"href":"https:\/\/nublo.tv\/index.php\/wp-json\/wp\/v2\/tags?post=3361"}],"curies":[{"name":"wp","href":"https:\/\/api.w.org\/{rel}","templated":true}]}}