{"id":3364,"date":"2026-08-13T13:57:24","date_gmt":"2026-08-13T12:57:24","guid":{"rendered":"https:\/\/nublo.tv\/?p=3364"},"modified":"2026-08-27T12:35:27","modified_gmt":"2026-08-27T11:35:27","slug":"coti-encabeza-este-viernes-la-gran-noche-de-la-vispera-de-las-fiestas-de-la-virgen-2026-en-guia","status":"publish","type":"post","link":"https:\/\/nublo.tv\/index.php\/2026\/08\/13\/coti-encabeza-este-viernes-la-gran-noche-de-la-vispera-de-las-fiestas-de-la-virgen-2026-en-guia\/","title":{"rendered":"Coti encabeza este viernes la gran noche de la v\u00edspera de las Fiestas de La Virgen 2026 en Gu\u00eda"},"content":{"rendered":"<ul>\n<li><strong>El cantautor argentino, autor de algunos de los mayores \u00e9xitos del pop-rock en espa\u00f1ol de las \u00faltimas d\u00e9cadas, actuar\u00e1 en la Plaza Grande a partir de las 22:00 horas<\/strong><\/li>\n<\/ul>\n<ul>\n<li><strong>La noche festiva continuar\u00e1 con una gran verbena de amanecida amenizada por las orquestas Star Music y Furia Joven y el DJ Airam Vega<\/strong><\/li>\n<li><strong> Global reforzar\u00e1 el servicio de guaguas ante la masiva asistencia de p\u00fablico prevista para este d\u00eda<\/strong><\/li>\n<\/ul>\n<p><strong>Gu\u00eda, 13 de agosto de 2026.-<\/strong> La m\u00fasica, la energ\u00eda y las emociones a flor de piel llegar\u00e1n este viernes 14 de agosto a la Plaza Grande de Gu\u00eda de la mano del emblem\u00e1tico cantante y compositor argentino Coti, \u00a0gran protagonista y cabeza de cartel de la v\u00edspera de las Fiestas Patronales de La Virgen 2026 en un concierto que transformar\u00e1 la Plaza Grande en un escenario vibrante a partir de las 22:00 horas.<\/p>\n<p>Coti desembarca en el municipio para desplegar un repertorio repleto de aut\u00e9nticos himnos intergeneracionales. Canciones inolvidables como <em>Antes que ver el sol, Nada fue un error, Otra vez <\/em>o<em> D\u00f3nde est\u00e1n coraz\u00f3n,<\/em> junto a emblem\u00e1ticas composiciones de su autor\u00eda que han dado la vuelta al mundo como <em>Color Esperanza<\/em>, resonar\u00e1n en directo con toda la fuerza del directo y el inconfundible sello del rock latino.<\/p>\n<p>Con una s\u00f3lida trayectoria internacional avalada por m\u00faltiples Discos de Oro y Platino, as\u00ed como premios Latin Grammy, el m\u00fasico y productor argentino promete hacer vibrar a los asistentes a este concierto en una de las noches m\u00e1s especiales de la semana grande del municipio. Su propuesta en vivo combina la calidez de las letras m\u00e1s intensas con la potencia contagiosa de una banda en plenitud, garantizando un espect\u00e1culo en el que el p\u00fablico cantar\u00e1 y saltar\u00e1 de principio a fin.<\/p>\n<p>A las 12 de la noche se podr\u00e1 disfrutar de un espectacular <em>Video Mapping<\/em> en el frontis de la Iglesia de Santa Mar\u00eda de Gu\u00eda -en sustituci\u00f3n de los fuegos artificiales- y a su t\u00e9rmino la noche festiva continuar\u00e1 con una gran verbena de amanecida amenizada por las orquestas Star Music y Furia Joven y el DJ Airam Vega, adem\u00e1s de DJ\u00b4s Promaster en la zona de los chiringuitos.<\/p>\n<p><strong>Refuerzo servicio guaguas<\/strong><\/p>\n<p>Ante la masiva asistencia de p\u00fablico prevista, Global reforzar\u00e1 el servicio de guaguas para la noche del viernes y la madrugada del viernes al s\u00e1bado, desde la capital gran canaria a Gu\u00eda y regreso a San Telmo.<\/p>\n<p>Los refuerzos del viernes 14, de la L\u00ednea 100, desde Las Palmas de Gran Canaria a Gu\u00eda ser\u00e1n: a las 22:15, 22:45, 23:15 y 23:45 horas.<\/p>\n<p>Tambi\u00e9n la L\u00ednea 105 reforzar\u00e1 el servicio en la madrugada del viernes al s\u00e1bado, desde Las Palmas de Gran Canaria a Gu\u00eda, a las 00:00, 00:30, 01:00 y 01:30 horas.<\/p>\n<p>Y para el regreso desde Gu\u00eda hacia Las Palmas de la L\u00ednea 105 habr\u00e1 servicio de guaguas a las 00:00, 00:30, 01:00, 01:30, 02:00, 03:00, 04:00, 04:30, 05:00 y a las 05:30 horas.<\/p>\n<p>\u00a0<\/p>\n","protected":false},"excerpt":{"rendered":"<p>El cantautor argentino, autor de algunos de los mayores \u00e9xitos del pop-rock en espa\u00f1ol de las \u00faltimas d\u00e9cadas, actuar\u00e1 en la Plaza Grande a partir de las 22:00 horasLa noche&hellip;<\/p>\n","protected":false},"author":1,"featured_media":3365,"comment_status":"open","ping_status":"open","sticky":false,"template":"","format":"standard","meta":{"wpai_generated_summary":"","wpai_meta_description":"","footnotes":""},"categories":[138],"tags":[],"class_list":["post-3364","post","type-post","status-publish","format-standard","has-post-thumbnail","hentry","category-ayuntamiento-de-santa-maria-de-guia"],"_links":{"self":[{"href":"https:\/\/nublo.tv\/index.php\/wp-json\/wp\/v2\/posts\/3364","targetHints":{"allow":["GET"]}}],"collection":[{"href":"https:\/\/nublo.tv\/index.php\/wp-json\/wp\/v2\/posts"}],"about":[{"href":"https:\/\/nublo.tv\/index.php\/wp-json\/wp\/v2\/types\/post"}],"author":[{"embeddable":true,"href":"https:\/\/nublo.tv\/index.php\/wp-json\/wp\/v2\/users\/1"}],"replies":[{"embeddable":true,"href":"https:\/\/nublo.tv\/index.php\/wp-json\/wp\/v2\/comments?post=3364"}],"version-history":[{"count":1,"href":"https:\/\/nublo.tv\/index.php\/wp-json\/wp\/v2\/posts\/3364\/revisions"}],"predecessor-version":[{"id":3398,"href":"https:\/\/nublo.tv\/index.php\/wp-json\/wp\/v2\/posts\/3364\/revisions\/3398"}],"wp:featuredmedia":[{"embeddable":true,"href":"https:\/\/nublo.tv\/index.php\/wp-json\/wp\/v2\/media\/3365"}],"wp:attachment":[{"href":"https:\/\/nublo.tv\/index.php\/wp-json\/wp\/v2\/media?parent=3364"}],"wp:term":[{"taxonomy":"category","embeddable":true,"href":"https:\/\/nublo.tv\/index.php\/wp-json\/wp\/v2\/categories?post=3364"},{"taxonomy":"post_tag","embeddable":true,"href":"https:\/\/nublo.tv\/index.php\/wp-json\/wp\/v2\/tags?post=3364"}],"curies":[{"name":"wp","href":"https:\/\/api.w.org\/{rel}","templated":true}]}}