{"id":3366,"date":"2026-08-13T13:57:10","date_gmt":"2026-08-13T12:57:10","guid":{"rendered":"https:\/\/nublo.tv\/?p=3366"},"modified":"2026-08-27T12:35:27","modified_gmt":"2026-08-27T11:35:27","slug":"la-alcaldesa-mantiene-un-encuentro-con-daniel-medina-director-medico-de-los-washington-wizards-de-la-nba","status":"publish","type":"post","link":"https:\/\/nublo.tv\/index.php\/2026\/08\/13\/la-alcaldesa-mantiene-un-encuentro-con-daniel-medina-director-medico-de-los-washington-wizards-de-la-nba\/","title":{"rendered":"La alcaldesa mantiene un encuentro con Daniel Medina, director m\u00e9dico de los Washington Wizards de la NBA"},"content":{"rendered":"<div class=\"image col-sm-6 pull-right\">\n<div class=\"saga-imagen \">\n\t\t<a href=\"\/export\/sites\/laspalmasgc\/.galleries\/imagenes-noticias-2026\/La-alcaldesa-Carolina-Darias-junto-a-Daniel-Medina-20260813.png\" title=\"La alcaldesa mantiene un encuentro con Daniel Medina, director m\u00e9dico de los Washington Wizards de la NBA\" class=\"wrapper-image zoom-filter \"><br \/>\n\t\t\t\t\t<span class=\"sr-only\">Ampliar imagen<\/span><\/p>\n<div class=\"overlay-zoom\">\n\t\t\t\t\t\t<img loading=\"lazy\" decoding=\"async\" class=\"img-responsive\" src=\"\/export\/sites\/laspalmasgc\/.galleries\/imagenes-noticias-2026\/La-alcaldesa-Carolina-Darias-junto-a-Daniel-Medina-20260813.png_513066471.png\" width=\"900\" height=\"600\" alt=\"La alcaldesa mantiene un encuentro con Daniel Medina, director m\u00e9dico de los Washington Wizards de la NBA\"><\/p>\n<div class=\"zoom-icon\">\n\t                    \t<span class=\"fa fa-search-plus\" aria-hidden=\"true\"><\/span>\n\t                    <\/div>\n<\/p><\/div>\n<p>\t\t\t\t<\/a>\n\t\t\t<\/div>\n<\/p><\/div>\n<div class=\"container-fluid\">\n<p>Las Palmas de Gran Canaria, 13 de agosto de 2026. La alcaldesa de Las Palmas de Gran Canaria, Carolina Darias, ha mantenido esta semana un encuentro con el m\u00e9dico palmense Daniel Medina, director m\u00e9dico y de rendimiento de la plantilla de los Washington Wizards, franquicia de la NBA.<br \/>Durante la reuni\u00f3n, Darias ha trasladado a Medina el reconocimiento de la ciudad por su trayectoria profesional y por su presencia en una de las principales competiciones deportivas del mundo. La alcaldesa le ha hecho entrega de distintos detalles y materiales vinculados a la candidatura de Las Palmas de Gran Canaria a Capital Europea de la Cultura 2031, al tiempo que le ha deseado suerte de cara al inicio de la pr\u00f3xima temporada de la NBA.<br \/>Medina, especialista en medicina deportiva, cuenta con una amplia trayectoria en el deporte de alto rendimiento. Antes de incorporarse a la NBA, desarroll\u00f3 durante 15 a\u00f1os su carrera profesional en el primer equipo del F\u00fatbol Club Barcelona, donde trabaj\u00f3 junto a diferentes cuerpos t\u00e9cnicos y jugadores de primer nivel. Posteriormente, dio el salto al baloncesto profesional estadounidense, incorpor\u00e1ndose a los Philadelphia 76ers y, posteriormente, a los Washington Wizards.<br \/>En la franquicia de Washington, Medina desarrolla responsabilidades vinculadas a la atenci\u00f3n m\u00e9dica y el rendimiento de los deportistas, con especial atenci\u00f3n a la prevenci\u00f3n y recuperaci\u00f3n de lesiones, la preparaci\u00f3n f\u00edsica y otros \u00e1mbitos relacionados con la salud y el rendimiento deportivo. Su labor se extiende tambi\u00e9n a los equipos vinculados a la organizaci\u00f3n.<br \/>Durante el encuentro, el m\u00e9dico grancanario explic\u00f3 que est\u00e1 aprovechando estos d\u00edas de descanso antes de regresar a Estados Unidos para reencontrarse con familiares y amigos y disfrutar de la ciudad y de la isla. Medina ha destacado as\u00ed la importancia de poder regresar a Las Palmas de Gran Canaria y compartir estos d\u00edas con su entorno m\u00e1s cercano antes de afrontar una nueva temporada en la NBA.<\/p>\n<p>\u00a0<\/p>\n<\/div>\n","protected":false},"excerpt":{"rendered":"<p>Ampliar imagen Las Palmas de Gran Canaria, 13 de agosto de 2026. La alcaldesa de Las Palmas de Gran Canaria, Carolina Darias, ha mantenido esta semana un encuentro con el&hellip;<\/p>\n","protected":false},"author":1,"featured_media":3367,"comment_status":"open","ping_status":"open","sticky":false,"template":"","format":"standard","meta":{"wpai_generated_summary":"","wpai_meta_description":"","footnotes":""},"categories":[132],"tags":[],"class_list":["post-3366","post","type-post","status-publish","format-standard","has-post-thumbnail","hentry","category-ayuntamiento-de-las-palmas-de-gran-canaria"],"_links":{"self":[{"href":"https:\/\/nublo.tv\/index.php\/wp-json\/wp\/v2\/posts\/3366","targetHints":{"allow":["GET"]}}],"collection":[{"href":"https:\/\/nublo.tv\/index.php\/wp-json\/wp\/v2\/posts"}],"about":[{"href":"https:\/\/nublo.tv\/index.php\/wp-json\/wp\/v2\/types\/post"}],"author":[{"embeddable":true,"href":"https:\/\/nublo.tv\/index.php\/wp-json\/wp\/v2\/users\/1"}],"replies":[{"embeddable":true,"href":"https:\/\/nublo.tv\/index.php\/wp-json\/wp\/v2\/comments?post=3366"}],"version-history":[{"count":1,"href":"https:\/\/nublo.tv\/index.php\/wp-json\/wp\/v2\/posts\/3366\/revisions"}],"predecessor-version":[{"id":3394,"href":"https:\/\/nublo.tv\/index.php\/wp-json\/wp\/v2\/posts\/3366\/revisions\/3394"}],"wp:featuredmedia":[{"embeddable":true,"href":"https:\/\/nublo.tv\/index.php\/wp-json\/wp\/v2\/media\/3367"}],"wp:attachment":[{"href":"https:\/\/nublo.tv\/index.php\/wp-json\/wp\/v2\/media?parent=3366"}],"wp:term":[{"taxonomy":"category","embeddable":true,"href":"https:\/\/nublo.tv\/index.php\/wp-json\/wp\/v2\/categories?post=3366"},{"taxonomy":"post_tag","embeddable":true,"href":"https:\/\/nublo.tv\/index.php\/wp-json\/wp\/v2\/tags?post=3366"}],"curies":[{"name":"wp","href":"https:\/\/api.w.org\/{rel}","templated":true}]}}