{"id":337,"date":"2026-08-04T17:32:54","date_gmt":"2026-08-04T16:32:54","guid":{"rendered":"https:\/\/nublo.tv\/?p=337"},"modified":"2026-08-04T17:32:54","modified_gmt":"2026-08-04T16:32:54","slug":"fran-guerra-apuntala-el-juego-interior-del-gran-canaria","status":"publish","type":"post","link":"https:\/\/nublo.tv\/index.php\/2026\/08\/04\/fran-guerra-apuntala-el-juego-interior-del-gran-canaria\/","title":{"rendered":"Fran Guerra apuntala el juego interior del Gran Canaria"},"content":{"rendered":"<p class=\"wp-block-paragraph\">Fran Guerra (Las Palmas de Gran Canaria, 23 de diciembre de 1992) se une al proyecto del Gran Canaria para esta pr\u00f3xima temporada en Primera FEB. El p\u00edvot grancanario, internacional con Espa\u00f1a, apuntala as\u00ed el juego interior del conjunto dirigido por Bruno Savignani y har\u00e1 pareja con Luke Fischer en la posici\u00f3n. El jugador llega a la isla tras el acuerdo alcanzado con su club de origen, La Laguna Tenerife.<\/p>\n<p class=\"wp-block-paragraph\">Tras dar sus primeros pasos baloncest\u00edsticos en el barrio capitalino de Pedro Hidalgo, su primer equipo federado fue el Ciudad de Telde. Del club teldense dio el salto, sin haber cumplido a\u00fan los 18 a\u00f1os, al Club Estudiantes para jugar en su equipo de Liga EBA. En la entidad colegial acab\u00f3 de formarse como un p\u00edvot potente, con capacidad de intimidaci\u00f3n y recursos en la pintura. Tal fue as\u00ed, que fue integrante de la Selecci\u00f3n Sub20 que logr\u00f3 el bronce en 2012, siendo adem\u00e1s de unos los hombres clave ese verano. Ese a\u00f1o ya hab\u00eda debutado en Liga Endesa con la el\u00e1stica colegial.<\/p>\n<p class=\"wp-block-paragraph\">Su camino hacia la \u00e9lite, sin embargo, fue elaborado paso a paso y piedra a piedra. Fran Guerra milit\u00f3 en el For\u00e7a Lleida en la campa\u00f1a 14-15, promediando 12,1 puntos y 6,3 rebotes en su primer curso en LEB Oro. Despu\u00e9s de no contar con muchas oportunidades en el primer equipo del \u2018Estu\u2019 en la temporada 15-16, volvi\u00f3 a salir para demostrar su nivel. Esta vez lo hizo en Ourense, con medias de 13,3 puntos y 6,1 rebotes. Ese a\u00f1o contribuy\u00f3 al ascenso del equipo gallego a la \u00e9lite compartiendo vestuario con el tambi\u00e9n grancanario, y ahora compa\u00f1ero de nuevo, Christian D\u00edaz.<\/p>\n<p class=\"wp-block-paragraph\">Tras otros dos buenos cursos en Palma y Melilla, le lleg\u00f3 la oportunidad de jugar con asiduidad en Liga Endesa de la mano del CB Canarias, hoy La Laguna Tenerife. En estas \u00faltimas siete temporadas en el equipo canarista, Fran Guerra se ha confirmado como uno de los mejores p\u00edvots nacionales de la categor\u00eda, ayudando al equipo lagunero a lograr t\u00edtulos internacionales y a asentarse en la \u00e9lite. Su buen hacer le llev\u00f3 a debutar como internacional absoluto en febrero de 2021, en la fase clasificatoria para el Eurobasket 2022.<\/p>\n<p class=\"wp-block-paragraph\">Ahora, Guerra acepta con ganas e ilusi\u00f3n el reto de ser una de las referencias interiores de un Gran Canaria que estar\u00e1 capitaneado por Bruno Savignani en este curso en Primera FEB.<\/p>\n","protected":false},"excerpt":{"rendered":"<p>Fran Guerra (Las Palmas de Gran Canaria, 23 de diciembre de 1992) se une al proyecto del Gran Canaria para esta pr\u00f3xima temporada en Primera FEB. El p\u00edvot grancanario, internacional&hellip;<\/p>\n","protected":false},"author":30,"featured_media":338,"comment_status":"open","ping_status":"open","sticky":false,"template":"","format":"standard","meta":{"wpai_generated_summary":"","wpai_meta_description":"","footnotes":""},"categories":[122],"tags":[],"class_list":["post-337","post","type-post","status-publish","format-standard","has-post-thumbnail","hentry","category-deportes"],"_links":{"self":[{"href":"https:\/\/nublo.tv\/index.php\/wp-json\/wp\/v2\/posts\/337","targetHints":{"allow":["GET"]}}],"collection":[{"href":"https:\/\/nublo.tv\/index.php\/wp-json\/wp\/v2\/posts"}],"about":[{"href":"https:\/\/nublo.tv\/index.php\/wp-json\/wp\/v2\/types\/post"}],"author":[{"embeddable":true,"href":"https:\/\/nublo.tv\/index.php\/wp-json\/wp\/v2\/users\/30"}],"replies":[{"embeddable":true,"href":"https:\/\/nublo.tv\/index.php\/wp-json\/wp\/v2\/comments?post=337"}],"version-history":[{"count":1,"href":"https:\/\/nublo.tv\/index.php\/wp-json\/wp\/v2\/posts\/337\/revisions"}],"predecessor-version":[{"id":446,"href":"https:\/\/nublo.tv\/index.php\/wp-json\/wp\/v2\/posts\/337\/revisions\/446"}],"wp:featuredmedia":[{"embeddable":true,"href":"https:\/\/nublo.tv\/index.php\/wp-json\/wp\/v2\/media\/338"}],"wp:attachment":[{"href":"https:\/\/nublo.tv\/index.php\/wp-json\/wp\/v2\/media?parent=337"}],"wp:term":[{"taxonomy":"category","embeddable":true,"href":"https:\/\/nublo.tv\/index.php\/wp-json\/wp\/v2\/categories?post=337"},{"taxonomy":"post_tag","embeddable":true,"href":"https:\/\/nublo.tv\/index.php\/wp-json\/wp\/v2\/tags?post=337"}],"curies":[{"name":"wp","href":"https:\/\/api.w.org\/{rel}","templated":true}]}}