{"id":3370,"date":"2026-08-13T13:57:27","date_gmt":"2026-08-13T12:57:27","guid":{"rendered":"https:\/\/nublo.tv\/?p=3370"},"modified":"2026-08-27T12:35:27","modified_gmt":"2026-08-27T11:35:27","slug":"el-ayuntamiento-apuesta-por-el-empleo-juvenil-con-la-contratacion-de-dos-ingenieros","status":"publish","type":"post","link":"https:\/\/nublo.tv\/index.php\/2026\/08\/13\/el-ayuntamiento-apuesta-por-el-empleo-juvenil-con-la-contratacion-de-dos-ingenieros\/","title":{"rendered":"El Ayuntamiento apuesta por el empleo juvenil con la contrataci\u00f3n de dos ingenieros"},"content":{"rendered":"<p><strong>Los profesionales especializados en Ingenier\u00eda El\u00e9ctrica y en Obras P\u00fablicas se integran a la plantilla municipal a trav\u00e9s del \u2018Programa Primera Experiencia Profesional en Administraciones P\u00fablicas\u2019 promovido por el Servicio Canario de Empleo (SCE). <\/strong><\/p>\n<p>El Ayuntamiento de Teror ha incorporado a su plantilla a dos j\u00f3venes ingenieros, especializados en Ingenier\u00eda El\u00e9ctrica y de Obras P\u00fablicas, apostando por el empleo juvenil a trav\u00e9s del \u2018Programa Primera Experiencia Profesional en Administraciones P\u00fablicas\u2019, promovido por el Servicio Canario de Empleo (SCE).<\/p>\n<p>Los dos j\u00f3venes profesionales, menores de 30 a\u00f1os de edad, se integran al equipo de la Oficina T\u00e9cnica municipal, que les permitir\u00e1 consolidar su experiencia laboral en el sector p\u00fablico, con un contrato de 12 meses a jornada completa, donde podr\u00e1n aportar innovaci\u00f3n y metodolog\u00edas actualizadas en la gesti\u00f3n p\u00fablica local.<\/p>\n<p>Desde la Concejal\u00eda de Desarrollo Local y Empleo del Ayuntamiento de Teror, que dirige Ylenia S\u00e1nchez, y la Concejal\u00eda de Recursos Humanos, con Sabina Est\u00e9vez al frente, se ha apostado por \u00a0incorporar a la administraci\u00f3n municipal a estos profesionales, con el objetivo de \u201cmejorar, potenciar y expandir los perfiles profesionales de estos j\u00f3venes cualificados que, al mismo tiempo aportar\u00e1n a los servicios municipales sus conocimientos profesionales y talento. No solo se trata de facilitar un contrato, sino de ofrecer una experiencia profesional \u00fatil, acompa\u00f1ada y vinculada a su formaci\u00f3n, que les permita mejorar su futuro laboral\u201d.<\/p>\n<p><strong>UN PROGRAMA DE OPORTUNIDADES PARA J\u00d3VENES CUALIFICADOS <\/strong><\/p>\n<p>Esta contrataci\u00f3n, que aporta nueva savia a la plantilla municipal, es el resultado de la gesti\u00f3n del Consistorio dentro de la convocatoria anticipada de 2026 del \u2018Programa Primera Experiencia Profesional en Administraciones P\u00fablicas\u2019, promovido por el Servicio Canario de Empleo, que da oportunidades laborales y formativas a j\u00f3venes cualificados.<\/p>\n<p>En este caso, los perfiles seleccionados reforzar\u00e1n \u00e1reas de especial importancia en las infraestructuras del municipio a trav\u00e9s de las disciplinas de Ingenier\u00eda en Obras P\u00fablicas e Ingenier\u00eda El\u00e9ctrica.<\/p>\n<p>El \u2018Programa Primera Experiencia Profesional en Administraciones P\u00fablicas\u2019, dotado en 2026 con con 2,5 millones de euros para toda Canarias, trata de conectar las necesidades de infraestructuras del municipio con la alta cualificaci\u00f3n de las nuevas generaciones canarias.<\/p>\n<p>Desde el Ayuntamiento de Teror se seguir\u00e1 apostando en pr\u00f3ximas convocatorias por el \u2018Programa Primera Experiencia Profesional\u2019 del SCE, como ya lo hizo tambi\u00e9n en otra ocasi\u00f3n anterior, apoyando al talento joven y contribuyendo desde la administraci\u00f3n p\u00fablica local como trampol\u00edn formativo y de futuro.<\/p>\n<p><a href=\"https:\/\/teror.es\/wp-content\/uploads\/2026\/08\/13_LOGOS-PRIMERA-EXP-PROFESIONAL-SCE.jpg\"><img loading=\"lazy\" decoding=\"async\" class=\"alignleft wp-image-98856 size-vp_md\" src=\"https:\/\/teror.es\/wp-content\/uploads\/2026\/08\/13_LOGOS-PRIMERA-EXP-PROFESIONAL-SCE-800x123.jpg\" alt=\"\" width=\"777\" height=\"119\" \/><\/a><\/p>\n","protected":false},"excerpt":{"rendered":"<p>Los profesionales especializados en Ingenier\u00eda El\u00e9ctrica y en Obras P\u00fablicas se integran a la plantilla municipal a trav\u00e9s del \u2018Programa Primera Experiencia Profesional en Administraciones P\u00fablicas\u2019 promovido por el Servicio&hellip;<\/p>\n","protected":false},"author":1,"featured_media":3371,"comment_status":"open","ping_status":"open","sticky":false,"template":"","format":"standard","meta":{"wpai_generated_summary":"","wpai_meta_description":"","footnotes":""},"categories":[141],"tags":[],"class_list":["post-3370","post","type-post","status-publish","format-standard","has-post-thumbnail","hentry","category-ayuntamiento-de-teror"],"_links":{"self":[{"href":"https:\/\/nublo.tv\/index.php\/wp-json\/wp\/v2\/posts\/3370","targetHints":{"allow":["GET"]}}],"collection":[{"href":"https:\/\/nublo.tv\/index.php\/wp-json\/wp\/v2\/posts"}],"about":[{"href":"https:\/\/nublo.tv\/index.php\/wp-json\/wp\/v2\/types\/post"}],"author":[{"embeddable":true,"href":"https:\/\/nublo.tv\/index.php\/wp-json\/wp\/v2\/users\/1"}],"replies":[{"embeddable":true,"href":"https:\/\/nublo.tv\/index.php\/wp-json\/wp\/v2\/comments?post=3370"}],"version-history":[{"count":1,"href":"https:\/\/nublo.tv\/index.php\/wp-json\/wp\/v2\/posts\/3370\/revisions"}],"predecessor-version":[{"id":3399,"href":"https:\/\/nublo.tv\/index.php\/wp-json\/wp\/v2\/posts\/3370\/revisions\/3399"}],"wp:featuredmedia":[{"embeddable":true,"href":"https:\/\/nublo.tv\/index.php\/wp-json\/wp\/v2\/media\/3371"}],"wp:attachment":[{"href":"https:\/\/nublo.tv\/index.php\/wp-json\/wp\/v2\/media?parent=3370"}],"wp:term":[{"taxonomy":"category","embeddable":true,"href":"https:\/\/nublo.tv\/index.php\/wp-json\/wp\/v2\/categories?post=3370"},{"taxonomy":"post_tag","embeddable":true,"href":"https:\/\/nublo.tv\/index.php\/wp-json\/wp\/v2\/tags?post=3370"}],"curies":[{"name":"wp","href":"https:\/\/api.w.org\/{rel}","templated":true}]}}