{"id":3372,"date":"2026-08-13T13:57:31","date_gmt":"2026-08-13T12:57:31","guid":{"rendered":"https:\/\/nublo.tv\/?p=3372"},"modified":"2026-08-27T12:35:27","modified_gmt":"2026-08-27T11:35:27","slug":"bruno-savignani-presentado-quiero-un-equipo-con-caracter-cultura-de-esfuerzo-trabajo-y-humildad","status":"publish","type":"post","link":"https:\/\/nublo.tv\/index.php\/2026\/08\/13\/bruno-savignani-presentado-quiero-un-equipo-con-caracter-cultura-de-esfuerzo-trabajo-y-humildad\/","title":{"rendered":"Bruno Savignani, presentado: \u00abQuiero un equipo con car\u00e1cter, cultura de esfuerzo, trabajo y humildad\u00bb"},"content":{"rendered":"<h3 class=\"wp-block-heading\">El brasile\u00f1o fue presentado este jueves en el Gran Canaria Arena y mostr\u00f3 las l\u00edneas maestras del nuevo proyecto amarillo.<\/h3>\n<p class=\"wp-block-paragraph\">El entrenador brasile\u00f1o Bruno Savignani fue presentado este jueves en la sala de prensa del Gran Canaria Arena como nuevo entrenador del conjunto amarillo. Acompa\u00f1ado por Francesc Solana, director deportivo del equipo, el t\u00e9cnico habl\u00f3 sobre las l\u00edneas maestras del proyecto, y mostr\u00f3 sus ganas e ilusi\u00f3n de liderar al conjunto en Primera FEB.<\/p>\n<figure class=\"wp-block-embed is-type-video is-provider-youtube wp-block-embed-youtube wp-embed-aspect-4-3 wp-has-aspect-ratio\">\n<div class=\"wp-block-embed__wrapper\">\n<\/div>\n<\/figure>\n<p class=\"wp-block-paragraph\">\u00abEstoy feliz e ilusionado por defender los colores del club, de la isla, y de su gente, que s\u00e9 que se identifica mucho con este equipo\u00bb, arranc\u00f3 diciendo Savignani. \u00abMe gusta un baloncesto con mucha intensidad defensiva y ofensiva, jugar un baloncesto din\u00e1mico y con velocidad\u00bb explic\u00f3, a\u00f1adiendo que \u00abme gusta encontrar tambi\u00e9n la manera, dentro del trabajo y el esfuerzo, de que nos podamos divertir, y que la gente se sienta representada con el equipo que ve en la cancha\u00bb.<\/p>\n<p class=\"wp-block-paragraph\">Sobre la confecci\u00f3n de la plantilla, el t\u00e9cnico brasile\u00f1o expres\u00f3 que \u00abhemos buscado jugadores que se sientan identificados con la manera en la que creo que debemos jugar, un equipo con car\u00e1cter, con cultura de esfuerzo, trabajo y humildad\u00bb. \u00abEstoy contento con el grupo de jugadores y con el grupo de personas que hemos alistado para el equipo\u00bb, coment\u00f3.<\/p>\n<p class=\"wp-block-paragraph\">\u00abLo primero es entender lo duro que es la liga, lo duro que es conseguir victorias tanto en casa y sobre todo fuera de casa\u00bb, avis\u00f3 Savignani. \u00abLos jugadores saben muy bien la dureza de esta competici\u00f3n\u00bb, y coment\u00f3 que \u00abvoy a estar repiti\u00e9ndolo todo el a\u00f1o: crear h\u00e1bitos diarios, la cultura de trabajar duro y del esfuerzo\u00bb. En este sentido, a\u00f1adi\u00f3 que \u00abdebemos respetar la liga y a los oponentes\u00bb.<\/p>\n<figure class=\"wp-block-image size-large\"><img loading=\"lazy\" decoding=\"async\" width=\"1024\" height=\"683\" src=\"https:\/\/cbgc.ams3.digitaloceanspaces.com\/2026\/08\/13111758\/A756537-1024x683.jpg\" alt=\"\" class=\"wp-image-106106\"><\/figure>\n<p class=\"wp-block-paragraph\">El de Goiania tambi\u00e9n tuvo palabras para la afici\u00f3n. \u00abLa afici\u00f3n es una parte muy importante, si no la m\u00e1s importante, porque es la que nos va a empujar cada fin de semana aqu\u00ed\u00bb. Adem\u00e1s, a\u00f1adi\u00f3 que \u00abs\u00e9 que vienen de un a\u00f1o duro, pero hay que pasar p\u00e1gina, y ahora tenemos un camino largo y duro, pero en el que si todos aportamos, ellos se sentir\u00e1n orgullosos de nosotros\u00bb. Para el brasile\u00f1o, lo m\u00e1s importante es \u00abque vean al equipo luchando y peleando cada partido, y siendo as\u00ed, estoy seguro de que dentro de lo que cabe tendremos un a\u00f1o divertido, con un equipo que represente a la afici\u00f3n de la manera que se merece\u00bb.<\/p>\n<p class=\"wp-block-paragraph\">El entrenador brasile\u00f1o dirigir\u00e1 su primer entrenamiento como m\u00e1ximo responsable claretiano este pr\u00f3ximo lunes en el Gran Canaria Arena, con toda la plantilla a su disposici\u00f3n.<\/p>\n","protected":false},"excerpt":{"rendered":"<p>El brasile\u00f1o fue presentado este jueves en el Gran Canaria Arena y mostr\u00f3 las l\u00edneas maestras del nuevo proyecto amarillo. El entrenador brasile\u00f1o Bruno Savignani fue presentado este jueves en&hellip;<\/p>\n","protected":false},"author":1,"featured_media":3401,"comment_status":"open","ping_status":"open","sticky":false,"template":"","format":"standard","meta":{"wpai_generated_summary":"","wpai_meta_description":"","footnotes":""},"categories":[122],"tags":[],"class_list":["post-3372","post","type-post","status-publish","format-standard","has-post-thumbnail","hentry","category-deportes"],"_links":{"self":[{"href":"https:\/\/nublo.tv\/index.php\/wp-json\/wp\/v2\/posts\/3372","targetHints":{"allow":["GET"]}}],"collection":[{"href":"https:\/\/nublo.tv\/index.php\/wp-json\/wp\/v2\/posts"}],"about":[{"href":"https:\/\/nublo.tv\/index.php\/wp-json\/wp\/v2\/types\/post"}],"author":[{"embeddable":true,"href":"https:\/\/nublo.tv\/index.php\/wp-json\/wp\/v2\/users\/1"}],"replies":[{"embeddable":true,"href":"https:\/\/nublo.tv\/index.php\/wp-json\/wp\/v2\/comments?post=3372"}],"version-history":[{"count":1,"href":"https:\/\/nublo.tv\/index.php\/wp-json\/wp\/v2\/posts\/3372\/revisions"}],"predecessor-version":[{"id":3400,"href":"https:\/\/nublo.tv\/index.php\/wp-json\/wp\/v2\/posts\/3372\/revisions\/3400"}],"wp:featuredmedia":[{"embeddable":true,"href":"https:\/\/nublo.tv\/index.php\/wp-json\/wp\/v2\/media\/3401"}],"wp:attachment":[{"href":"https:\/\/nublo.tv\/index.php\/wp-json\/wp\/v2\/media?parent=3372"}],"wp:term":[{"taxonomy":"category","embeddable":true,"href":"https:\/\/nublo.tv\/index.php\/wp-json\/wp\/v2\/categories?post=3372"},{"taxonomy":"post_tag","embeddable":true,"href":"https:\/\/nublo.tv\/index.php\/wp-json\/wp\/v2\/tags?post=3372"}],"curies":[{"name":"wp","href":"https:\/\/api.w.org\/{rel}","templated":true}]}}