{"id":3380,"date":"2026-08-13T13:56:57","date_gmt":"2026-08-13T12:56:57","guid":{"rendered":"https:\/\/nublo.tv\/?p=3380"},"modified":"2026-08-29T08:57:49","modified_gmt":"2026-08-29T07:57:49","slug":"la-aldea-de-san-nicolas-abre-las-inscripciones-para-la-esperada-edicion-del-concurso-cultural-2026","status":"publish","type":"post","link":"https:\/\/nublo.tv\/index.php\/2026\/08\/13\/la-aldea-de-san-nicolas-abre-las-inscripciones-para-la-esperada-edicion-del-concurso-cultural-2026\/","title":{"rendered":"La Aldea de San Nicol\u00e1s abre las inscripciones para la esperada edici\u00f3n del Concurso Cultural 2026"},"content":{"rendered":"<p>Los equipos interesados tendr\u00e1n hasta las 23:59 horas del pr\u00f3ximo 20 de agosto para apuntarse. Al d\u00eda siguiente, el 21 de agosto, se celebrar\u00e1 una reuni\u00f3n organizativa en el Sal\u00f3n de Plenos<\/p>\n<p>El Ayuntamiento de La Aldea de San Nicol\u00e1s, a trav\u00e9s de la Concejal\u00eda de Cultura, anuncia la apertura oficial del plazo de inscripci\u00f3n para participar en el Concurso Cultural 2026. Este certamen, que ya es todo un cl\u00e1sico y uno de los eventos m\u00e1s esperados de las Fiestas Patronales en honor a San Nicol\u00e1s de Tolentino, vuelve un a\u00f1o m\u00e1s para poner a prueba la sabidur\u00eda, el ingenio y el buen humor de los aldeanos y aldeanas.<\/p>\n<p>Todos los grupos de amigos, familias o colectivos que deseen sumarse a esta divertida iniciativa tienen como l\u00edmite hasta las 23:59 horas del pr\u00f3ximo jueves, 20 de agosto, para formalizar su inscripci\u00f3n. Desde la organizaci\u00f3n animan a ir formando ya los equipos, ir pensando un buen nombre y prepararse para disfrutar de un acto donde, m\u00e1s all\u00e1 de ganar o perder, lo que de verdad importa es hacer pi\u00f1a, compartir conocimientos sobre nuestra tierra y echar un buen rato de risas entre vecinos.<\/p>\n<p>Asimismo, la Concejal\u00eda de Cultura informa que, una vez cerrado el plazo de inscripciones, se llevar\u00e1 a cabo una reuni\u00f3n informativa y de coordinaci\u00f3n con todos los equipos participantes. Este encuentro preparatorio tendr\u00e1 lugar al d\u00eda siguiente, el viernes 21 de agosto, a las 18:00 horas en el Sal\u00f3n de Plenos del Ayuntamiento. Durante la cita se explicar\u00e1 la din\u00e1mica de esta edici\u00f3n, se repasar\u00e1n las normas y se resolver\u00e1 cualquier duda para que todo salga a pedir de boca.<\/p>\n<p>El Concurso Cultural se ha consolidado como un espacio ideal para poner en valor la historia, las an\u00e9cdotas y las costumbres de nuestro municipio y de Canarias en general. Por ello, desde el Consistorio se invita a toda la ciudadan\u00eda a participar activamente y vivir las fiestas desde dentro.<\/p>\n<p>&nbsp;<\/p>\n<p>es\u00bb>La Aldea<\/a>.<\/p>\n","protected":false},"excerpt":{"rendered":"<p>Los equipos interesados tendr\u00e1n hasta las 23:59 horas del pr\u00f3ximo 20 de agosto para apuntarse. Al d\u00eda siguiente, el 21 de agosto, se celebrar\u00e1 una reuni\u00f3n organizativa en el Sal\u00f3n&hellip;<\/p>\n","protected":false},"author":1,"featured_media":3390,"comment_status":"open","ping_status":"open","sticky":false,"template":"","format":"standard","meta":{"wpai_generated_summary":"","wpai_meta_description":"","footnotes":""},"categories":[131],"tags":[],"class_list":["post-3380","post","type-post","status-publish","format-standard","has-post-thumbnail","hentry","category-ayuntamiento-de-la-aldea-de-san-nicolas"],"_links":{"self":[{"href":"https:\/\/nublo.tv\/index.php\/wp-json\/wp\/v2\/posts\/3380","targetHints":{"allow":["GET"]}}],"collection":[{"href":"https:\/\/nublo.tv\/index.php\/wp-json\/wp\/v2\/posts"}],"about":[{"href":"https:\/\/nublo.tv\/index.php\/wp-json\/wp\/v2\/types\/post"}],"author":[{"embeddable":true,"href":"https:\/\/nublo.tv\/index.php\/wp-json\/wp\/v2\/users\/1"}],"replies":[{"embeddable":true,"href":"https:\/\/nublo.tv\/index.php\/wp-json\/wp\/v2\/comments?post=3380"}],"version-history":[{"count":2,"href":"https:\/\/nublo.tv\/index.php\/wp-json\/wp\/v2\/posts\/3380\/revisions"}],"predecessor-version":[{"id":18120,"href":"https:\/\/nublo.tv\/index.php\/wp-json\/wp\/v2\/posts\/3380\/revisions\/18120"}],"wp:featuredmedia":[{"embeddable":true,"href":"https:\/\/nublo.tv\/index.php\/wp-json\/wp\/v2\/media\/3390"}],"wp:attachment":[{"href":"https:\/\/nublo.tv\/index.php\/wp-json\/wp\/v2\/media?parent=3380"}],"wp:term":[{"taxonomy":"category","embeddable":true,"href":"https:\/\/nublo.tv\/index.php\/wp-json\/wp\/v2\/categories?post=3380"},{"taxonomy":"post_tag","embeddable":true,"href":"https:\/\/nublo.tv\/index.php\/wp-json\/wp\/v2\/tags?post=3380"}],"curies":[{"name":"wp","href":"https:\/\/api.w.org\/{rel}","templated":true}]}}