{"id":3382,"date":"2026-08-13T13:57:03","date_gmt":"2026-08-13T12:57:03","guid":{"rendered":"https:\/\/nublo.tv\/?p=3382"},"modified":"2026-08-27T12:35:27","modified_gmt":"2026-08-27T11:35:27","slug":"el-ayuntamiento-y-el-colegio-de-la-profesion-veterinaria-convocan-la-undecima-edicion-del-concurso-de-fotografia-mi-amigo-se-viene-conmigo","status":"publish","type":"post","link":"https:\/\/nublo.tv\/index.php\/2026\/08\/13\/el-ayuntamiento-y-el-colegio-de-la-profesion-veterinaria-convocan-la-undecima-edicion-del-concurso-de-fotografia-mi-amigo-se-viene-conmigo\/","title":{"rendered":"El Ayuntamiento y el Colegio de la Profesi\u00f3n Veterinaria convocan la und\u00e9cima edici\u00f3n del concurso de fotograf\u00eda &#8216;Mi amigo se viene conmigo&#8217;"},"content":{"rendered":"<div class=\"image col-sm-6 pull-right\">\n<div class=\"saga-imagen \">\n\t\t<a href=\"\/export\/sites\/laspalmasgc\/.galleries\/imagenes-noticias-2026\/Entrega-de-premios-del-concurso-fotografico-de-la-edicion-de-2025-20260813.png\" title=\"El Ayuntamiento y el Colegio de la Profesi\u00f3n Veterinaria convocan la und\u00e9cima edici\u00f3n del concurso de fotograf\u00eda &apos;Mi amigo se viene conmigo&apos;\" class=\"wrapper-image zoom-filter \"><br \/>\n\t\t\t\t\t<span class=\"sr-only\">Ampliar imagen<\/span><\/p>\n<div class=\"overlay-zoom\">\n\t\t\t\t\t\t<img loading=\"lazy\" decoding=\"async\" class=\"img-responsive\" src=\"\/export\/sites\/laspalmasgc\/.galleries\/imagenes-noticias-2026\/Entrega-de-premios-del-concurso-fotografico-de-la-edicion-de-2025-20260813.png_1065907003.png\" width=\"900\" height=\"675\" alt=\"El Ayuntamiento y el Colegio de la Profesi\u00f3n Veterinaria convocan la und\u00e9cima edici\u00f3n del concurso de fotograf\u00eda &apos;Mi amigo se viene conmigo&apos;\"><\/p>\n<div class=\"zoom-icon\">\n\t                    \t<span class=\"fa fa-search-plus\" aria-hidden=\"true\"><\/span>\n\t                    <\/div>\n<\/p><\/div>\n<p>\t\t\t\t<\/a>\n\t\t\t<\/div>\n<\/p><\/div>\n<div class=\"container-fluid\">\n<p>La iniciativa busca promover la tenencia responsable y visibilizar el v\u00ednculo entre las personas y sus animales de compa\u00f1\u00eda a trav\u00e9s de la fotograf\u00eda\u00a0<\/p>\n<p>Las personas mayores de edad residentes en Las Palmas de Gran Canaria podr\u00e1n participar hasta el 30 de septiembre con una fotograf\u00eda de su perro o perros y optar a tres lotes de productos y pienso para mascotas<\/p>\n<p>Las Palmas de Gran Canaria, 12 de agosto de 2026. El Ayuntamiento de Las Palmas de Gran Canaria y el Colegio Oficial de la Profesi\u00f3n Veterinaria de Las Palmas, en colaboraci\u00f3n con la Fundaci\u00f3n Affinity, han convocado la und\u00e9cima edici\u00f3n del concurso de fotograf\u00eda \u2018Mi amigo se viene conmigo\u2019, una iniciativa que tiene como objetivo fomentar la tenencia responsable de animales de compa\u00f1\u00eda y poner en valor el v\u00ednculo que existe entre las personas y sus perros.<br \/>El certamen est\u00e1 dirigido a todas las personas mayores de edad que sean residentes en el municipio de Las Palmas de Gran Canaria. El tema del concurso ser\u00e1 una fotograf\u00eda del perro o perros de cada participante, en unas im\u00e1genes en las que, adem\u00e1s de la calidad t\u00e9cnica y art\u00edstica, se valorar\u00e1 especialmente la sensibilidad hacia los animales de compa\u00f1\u00eda y la tenencia responsable.<br \/>La concejala de Bienestar Social, Igualdad, Cuidados y Salud, Carmen Luz Vargas, ha animado a la ciudadan\u00eda a participar en esta nueva edici\u00f3n del concurso y ha destacado que \u201cesta iniciativa nos permite poner en valor el v\u00ednculo que compartimos con nuestros animales de compa\u00f1\u00eda y, al mismo tiempo, trasladar un mensaje de responsabilidad y respeto hacia ellos\u201d.<br \/>Vargas ha se\u00f1alado que \u201ctener un animal de compa\u00f1\u00eda implica asumir una serie de cuidados y obligaciones durante toda su vida, desde su identificaci\u00f3n y registro hasta garantizar su bienestar y una atenci\u00f3n adecuada\u201d. En este sentido, ha subrayado que \u201cqueremos que las fotograf\u00edas que se presenten al concurso sirvan tambi\u00e9n para visibilizar esa relaci\u00f3n responsable y el compromiso de las familias con sus animales\u201d.<br \/>El presidente del Colegio Oficial de la Profesi\u00f3n Veterinaria de Las Palmas, Pablo Varona, ha se\u00f1alado que \u201cpara nuestra profesi\u00f3n, \u2018Mi amigo se viene conmigo\u2019 representa una oportunidad para trasladar a la ciudadan\u00eda que el bienestar animal tambi\u00e9n se construye a trav\u00e9s de peque\u00f1os gestos y decisiones responsables que tienen un impacto directo en la salud y la calidad de vida de los animales\u201d.\u00a0<br \/>Varona ha destacado que \u201cla identificaci\u00f3n mediante microchip y la inscripci\u00f3n en el censo municipal no son \u00fanicamente requisitos para participar en el concurso, sino herramientas fundamentales para favorecer la protecci\u00f3n de los animales y facilitar su recuperaci\u00f3n en caso de p\u00e9rdida o extrav\u00edo\u201d. En este sentido, ha recordado que \u201cla prevenci\u00f3n, la identificaci\u00f3n y una atenci\u00f3n veterinaria adecuada, son elementos esenciales para una convivencia responsable y para garantizar que los animales reciban la atenci\u00f3n que necesitan\u201d.<br \/>\u201cNos gustar\u00eda que las im\u00e1genes que concurran al concurso reflejen precisamente esa convivencia en positivo: animales integrados en la sociedad, familias que conocen sus obligaciones y una ciudadan\u00eda cada vez m\u00e1s consciente de que la tenencia de un animal requiere preparaci\u00f3n, compromiso y conocimiento\u201d, ha a\u00f1adido.<br \/>Por \u00faltimo, Varona ha agradecido la colaboraci\u00f3n del Ayuntamiento de Las Palmas de Gran Canaria y de la Fundaci\u00f3n Affinity y ha invitado a las personas participantes a \u201caprovechar esta convocatoria para compartir una imagen que represente lo que significa convivir con un perro y, al mismo tiempo, contribuir a transmitir una cultura de respeto y protecci\u00f3n hacia los animales\u201d.<br \/>Plazo hasta el 30 de septiembre<br \/>Cada participante podr\u00e1 presentar un \u00fanico trabajo. Para poder concurrir, el perro o perros que aparezcan en la fotograf\u00eda deber\u00e1n estar identificados mediante microchip e inscritos en el Censo Municipal de Animales de Compa\u00f1\u00eda del Ayuntamiento de Las Palmas de Gran Canaria (ZOOCAN).<br \/>Las fotograf\u00edas podr\u00e1n realizarse con cualquier t\u00e9cnica y deber\u00e1n presentarse en formato JPG, tanto en orientaci\u00f3n vertical como horizontal. Cada trabajo deber\u00e1 incluir un t\u00edtulo, as\u00ed como el nombre y apellidos de la persona autora y sus datos de contacto, correo electr\u00f3nico y tel\u00e9fono.<br \/>Los originales deber\u00e1n enviarse por correo electr\u00f3nico a saludpublica@laspalmasgc.es hasta el pr\u00f3ximo 30 de septiembre de 2026. Las personas participantes deber\u00e1n declarar expresamente que son autoras de las obras presentadas y que estas son in\u00e9ditas, es decir, que no han sido divulgadas previamente a trav\u00e9s de p\u00e1ginas web privadas o f\u00f3rmulas similares ni publicadas en cat\u00e1logos, revistas, libros u otros medios.<br \/>Un jurado compuesto por miembros del Colegio Oficial de la Profesi\u00f3n Veterinaria de Las Palmas y expertos en tecnolog\u00edas de la comunicaci\u00f3n del Ayuntamiento de Las Palmas de Gran Canaria seleccionar\u00e1 los tres trabajos ganadores. El jurado actuar\u00e1 colegiadamente y adoptar\u00e1 sus acuerdos por mayor\u00eda de votos, siendo su decisi\u00f3n inapelable.<br \/>Los tres premios consistir\u00e1n en lotes de productos y pienso para mascotas. El primer premio estar\u00e1 valorado en aproximadamente 400 euros; el segundo, en 300 euros; y el tercero, en 200 euros.<br \/>Los premios se entregar\u00e1n en la sede del Colegio Oficial de la Profesi\u00f3n Veterinaria de Las Palmas, ubicada en la calle Carvajal, 9, local, de Las Palmas de Gran Canaria. La fecha y hora del acto ser\u00e1n comunicadas con antelaci\u00f3n suficiente a las personas ganadoras.<br \/>Las bases completas del concurso pueden consultarse en el siguiente enlace: <a href=\"https:\/\/colegiados.lpa.vetcan.org\/adjuntos\/novedades\/facfa4d5-2b45-44c0-b99c-b41fe6f6f14b.pdf\" target=\"_blank\" rel=\"noopener\">https:\/\/colegiados.lpa.vetcan.org\/adjuntos\/novedades\/facfa4d5-2b45-44c0-b99c-b41fe6f6f14b.pdf<\/a>.<\/p>\n<p><a href=\"\/export\/sites\/laspalmasgc\/.galleries\/imagenes-noticias-2026\/Cartel-del-concurso-de-fotografia-de-vacaciones-con-mi-perro-20260813.jpeg\" target=\"_blank\" rel=\"noopener\">Cartel<\/a><\/p>\n<\/div>\n","protected":false},"excerpt":{"rendered":"<p>Ampliar imagen La iniciativa busca promover la tenencia responsable y visibilizar el v\u00ednculo entre las personas y sus animales de compa\u00f1\u00eda a trav\u00e9s de la fotograf\u00eda\u00a0 Las personas mayores de&hellip;<\/p>\n","protected":false},"author":1,"featured_media":3383,"comment_status":"open","ping_status":"open","sticky":false,"template":"","format":"standard","meta":{"wpai_generated_summary":"","wpai_meta_description":"","footnotes":""},"categories":[132],"tags":[],"class_list":["post-3382","post","type-post","status-publish","format-standard","has-post-thumbnail","hentry","category-ayuntamiento-de-las-palmas-de-gran-canaria"],"_links":{"self":[{"href":"https:\/\/nublo.tv\/index.php\/wp-json\/wp\/v2\/posts\/3382","targetHints":{"allow":["GET"]}}],"collection":[{"href":"https:\/\/nublo.tv\/index.php\/wp-json\/wp\/v2\/posts"}],"about":[{"href":"https:\/\/nublo.tv\/index.php\/wp-json\/wp\/v2\/types\/post"}],"author":[{"embeddable":true,"href":"https:\/\/nublo.tv\/index.php\/wp-json\/wp\/v2\/users\/1"}],"replies":[{"embeddable":true,"href":"https:\/\/nublo.tv\/index.php\/wp-json\/wp\/v2\/comments?post=3382"}],"version-history":[{"count":1,"href":"https:\/\/nublo.tv\/index.php\/wp-json\/wp\/v2\/posts\/3382\/revisions"}],"predecessor-version":[{"id":3392,"href":"https:\/\/nublo.tv\/index.php\/wp-json\/wp\/v2\/posts\/3382\/revisions\/3392"}],"wp:featuredmedia":[{"embeddable":true,"href":"https:\/\/nublo.tv\/index.php\/wp-json\/wp\/v2\/media\/3383"}],"wp:attachment":[{"href":"https:\/\/nublo.tv\/index.php\/wp-json\/wp\/v2\/media?parent=3382"}],"wp:term":[{"taxonomy":"category","embeddable":true,"href":"https:\/\/nublo.tv\/index.php\/wp-json\/wp\/v2\/categories?post=3382"},{"taxonomy":"post_tag","embeddable":true,"href":"https:\/\/nublo.tv\/index.php\/wp-json\/wp\/v2\/tags?post=3382"}],"curies":[{"name":"wp","href":"https:\/\/api.w.org\/{rel}","templated":true}]}}