{"id":3384,"date":"2026-08-13T13:57:00","date_gmt":"2026-08-13T12:57:00","guid":{"rendered":"https:\/\/nublo.tv\/?p=3384"},"modified":"2026-08-27T12:35:27","modified_gmt":"2026-08-27T11:35:27","slug":"el-barrio-de-la-isleta-celebra-las-fiestas-de-san-pio-x-con-una-semana-de-actividades","status":"publish","type":"post","link":"https:\/\/nublo.tv\/index.php\/2026\/08\/13\/el-barrio-de-la-isleta-celebra-las-fiestas-de-san-pio-x-con-una-semana-de-actividades\/","title":{"rendered":"El barrio de La Isleta celebra las Fiestas de San P\u00edo X con una semana de actividades"},"content":{"rendered":"<div class=\"image col-sm-6 pull-right\">\n<div class=\"saga-imagen \">\n\t\t<a href=\"\/export\/sites\/laspalmasgc\/.galleries\/imagenes-noticias-2026\/El-barrio-de-La-Isleta-celebra-las-Fiestas-de-San-Pio-X-con-una-semana-de-actividades-20260813.png\" title=\"El barrio de La Isleta celebra las Fiestas de San P\u00edo X con una semana de actividades\" class=\"wrapper-image zoom-filter \"><br \/>\n\t\t\t\t\t<span class=\"sr-only\">Ampliar imagen<\/span><\/p>\n<div class=\"overlay-zoom\">\n\t\t\t\t\t\t<img loading=\"lazy\" decoding=\"async\" class=\"img-responsive\" src=\"\/export\/sites\/laspalmasgc\/.galleries\/imagenes-noticias-2026\/El-barrio-de-La-Isleta-celebra-las-Fiestas-de-San-Pio-X-con-una-semana-de-actividades-20260813.png_513066471.png\" width=\"900\" height=\"600\" alt=\"El barrio de La Isleta celebra las Fiestas de San P\u00edo X con una semana de actividades\"><\/p>\n<div class=\"zoom-icon\">\n\t                    \t<span class=\"fa fa-search-plus\" aria-hidden=\"true\"><\/span>\n\t                    <\/div>\n<\/p><\/div>\n<p>\t\t\t\t<\/a>\n\t\t\t<\/div>\n<\/p><\/div>\n<div class=\"container-fluid\">\n<p>La programaci\u00f3n se desarrollar\u00e1 del 14 al 22 de agosto con propuestas culturales, musicales, infantiles y religiosas<\/p>\n<p>La Comisi\u00f3n de Fiestas celebra este a\u00f1o el 20\u00ba aniversario de su constituci\u00f3n<\/p>\n<p>Las Palmas de Gran Canaria, 13 de agosto de 2026. El barrio de La Isleta celebra del 14 al 22 de agosto las Fiestas de San P\u00edo X con una programaci\u00f3n que reunir\u00e1 durante nueve d\u00edas actividades culturales, musicales, infantiles, solidarias y religiosas, principalmente en la calle Acer\u00f3 y en la parroquia de San P\u00edo X.<\/p>\n<p>El programa, impulsado por la Comisi\u00f3n de Fiestas con la participaci\u00f3n de vecinos y vecinas del barrio, mantiene el car\u00e1cter popular de una celebraci\u00f3n que se construye desde la propia comunidad y que cada verano re\u00fane a distintas generaciones en torno a las tradiciones de San P\u00edo X. Este a\u00f1o, adem\u00e1s, la Comisi\u00f3n conmemora el 20\u00ba aniversario de su constituci\u00f3n.<\/p>\n<p>El concejal del Distrito Isleta-Puerto-Guanarteme, H\u00e9ctor Alem\u00e1n, ha destacado que \u201clas Fiestas de San P\u00edo X son un ejemplo de la implicaci\u00f3n de los vecinos y vecinas de La Isleta, que son quienes mantienen viva esta celebraci\u00f3n y hacen posible que siga pasando de generaci\u00f3n en generaci\u00f3n\u201d.<br \/>Alem\u00e1n ha agradecido especialmente \u201cel trabajo y la dedicaci\u00f3n de la Comisi\u00f3n de Fiestas durante estos 20 a\u00f1os, as\u00ed como de todas las personas que se implican cada a\u00f1o en la organizaci\u00f3n\u201d. \u201cDesde el Distrito seguiremos apoyando unas fiestas que nacen del propio barrio y que contribuyen a fortalecer la convivencia y los v\u00ednculos entre quienes forman parte de La Isleta\u201d, ha a\u00f1adido.<\/p>\n<p>La programaci\u00f3n comenzar\u00e1 este viernes, 14 de agosto, con una misa en la parroquia de San P\u00edo X, a las 19:00 horas, acompa\u00f1ada por el Coro Interparroquial San Pedro, San P\u00edo X y El Salvador. A las 20:00 horas tendr\u00e1 lugar un reconocimiento a Miguel Betancor y Tina Febles por su vinculaci\u00f3n y contribuci\u00f3n a la comunidad.<\/p>\n<p>Ese mismo d\u00eda, la actividad se trasladar\u00e1 a la calle Acer\u00f3, donde a las 20:30 horas tendr\u00e1 lugar el preg\u00f3n a cargo de \u2018Los Flechas Negras\u2019, grupo surgido en La Isleta entre las d\u00e9cadas de los 70 y 80 y estrechamente vinculado desde sus or\u00edgenes a la parroquia de San P\u00edo X. A las 21:00 horas se celebrar\u00e1 el concierto de Yaniley Cruz.<\/p>\n<p>El s\u00e1bado 15 de agosto, la calle Acer\u00f3 acoger\u00e1 desde las 10:00 horas un mercadillo solidario organizado por Proyecto Tayri y, a partir de las 11:00 horas, una fiesta infantil con castillos hinchables. A las 13:00 horas tendr\u00e1 lugar un pasacalle con papag\u00fcevos. La jornada incluir\u00e1 tambi\u00e9n una misa a las 18:30 horas en la parroquia. El domingo 16 se celebrar\u00e1 una nueva eucarist\u00eda a las 10:00 horas.<\/p>\n<p>Las actividades continuar\u00e1n el lunes 17 con una noche de teatro y la representaci\u00f3n de la obra La cl\u00ednica est\u00e9tica, a las 21:00 horas. El martes 18, a la misma hora, se celebrar\u00e1 una Noche Canaria con las agrupaciones folcl\u00f3ricas de Pedro Hidalgo y la Parranda de San Juan.<\/p>\n<p>El mi\u00e9rcoles 19 llegar\u00e1 la Noche de la Copla, con Jos\u00e9 Ortiz, Concha Marina, Malena Sevilla y ballet. El jueves 20 se celebrar\u00e1 una gala art\u00edstica con Alexis Cano, Elva, Adri\u00e1n Aguiar, Drag \u00c1crux y la comparsa Baracoa, a la que seguir\u00e1 una verbena a partir de las 23:00 horas.<\/p>\n<p>El viernes 21 de agosto, festividad de San P\u00edo X, tendr\u00e1 lugar uno de los d\u00edas centrales de las celebraciones. La jornada comenzar\u00e1 a las 10:00 horas con la elaboraci\u00f3n de alfombras y continuar\u00e1 a las 19:00 horas con la santa misa. A las 20:00 horas partir\u00e1 la tradicional procesi\u00f3n con la imagen de San P\u00edo X, que recorrer\u00e1 distintas calles del barrio.<\/p>\n<p>Las fiestas finalizar\u00e1n el s\u00e1bado 22 de agosto con una misa por los fieles difuntos de la parroquia, a las 18:30 horas, poniendo fin a una programaci\u00f3n que vuelve a convertir San P\u00edo X en un espacio de convivencia, tradici\u00f3n y participaci\u00f3n para La Isleta.<\/p>\n<\/div>\n","protected":false},"excerpt":{"rendered":"<p>Ampliar imagen La programaci\u00f3n se desarrollar\u00e1 del 14 al 22 de agosto con propuestas culturales, musicales, infantiles y religiosas La Comisi\u00f3n de Fiestas celebra este a\u00f1o el 20\u00ba aniversario de&hellip;<\/p>\n","protected":false},"author":1,"featured_media":3385,"comment_status":"open","ping_status":"open","sticky":false,"template":"","format":"standard","meta":{"wpai_generated_summary":"","wpai_meta_description":"","footnotes":""},"categories":[132],"tags":[],"class_list":["post-3384","post","type-post","status-publish","format-standard","has-post-thumbnail","hentry","category-ayuntamiento-de-las-palmas-de-gran-canaria"],"_links":{"self":[{"href":"https:\/\/nublo.tv\/index.php\/wp-json\/wp\/v2\/posts\/3384","targetHints":{"allow":["GET"]}}],"collection":[{"href":"https:\/\/nublo.tv\/index.php\/wp-json\/wp\/v2\/posts"}],"about":[{"href":"https:\/\/nublo.tv\/index.php\/wp-json\/wp\/v2\/types\/post"}],"author":[{"embeddable":true,"href":"https:\/\/nublo.tv\/index.php\/wp-json\/wp\/v2\/users\/1"}],"replies":[{"embeddable":true,"href":"https:\/\/nublo.tv\/index.php\/wp-json\/wp\/v2\/comments?post=3384"}],"version-history":[{"count":1,"href":"https:\/\/nublo.tv\/index.php\/wp-json\/wp\/v2\/posts\/3384\/revisions"}],"predecessor-version":[{"id":3391,"href":"https:\/\/nublo.tv\/index.php\/wp-json\/wp\/v2\/posts\/3384\/revisions\/3391"}],"wp:featuredmedia":[{"embeddable":true,"href":"https:\/\/nublo.tv\/index.php\/wp-json\/wp\/v2\/media\/3385"}],"wp:attachment":[{"href":"https:\/\/nublo.tv\/index.php\/wp-json\/wp\/v2\/media?parent=3384"}],"wp:term":[{"taxonomy":"category","embeddable":true,"href":"https:\/\/nublo.tv\/index.php\/wp-json\/wp\/v2\/categories?post=3384"},{"taxonomy":"post_tag","embeddable":true,"href":"https:\/\/nublo.tv\/index.php\/wp-json\/wp\/v2\/tags?post=3384"}],"curies":[{"name":"wp","href":"https:\/\/api.w.org\/{rel}","templated":true}]}}