{"id":339,"date":"2026-08-04T17:32:54","date_gmt":"2026-08-04T16:32:54","guid":{"rendered":"https:\/\/nublo.tv\/?p=339"},"modified":"2026-08-04T17:32:54","modified_gmt":"2026-08-04T16:32:54","slug":"kur-kuath-deja-de-ser-jugador-del-gran-canaria","status":"publish","type":"post","link":"https:\/\/nublo.tv\/index.php\/2026\/08\/04\/kur-kuath-deja-de-ser-jugador-del-gran-canaria\/","title":{"rendered":"Kur Kuath deja de ser jugador del Gran Canaria"},"content":{"rendered":"<p class=\"wp-block-paragraph\">Kur Kuath deja de ser jugador del Gran Canaria. El club amarillo ha llegado a un acuerdo con el iLERNA Lleida para que el p\u00edvot de Sud\u00e1n del Sur contin\u00fae su carrera profesional en la entidad ilerdense.<\/p>\n<p class=\"wp-block-paragraph\">Kuath aterriz\u00f3 en la isla el pasado verano de 2025, y este curso disput\u00f3 29 partidos de Liga Endesa, promediando 6,0 puntos y 2,9 rebotes, y nueve encuentros en la Basketball Champions League.<\/p>\n<p class=\"wp-block-paragraph\">El club le agradece su trabajo y compromiso, y le desea suerte en su futuro personal y profesional.<\/p>\n","protected":false},"excerpt":{"rendered":"<p>Kur Kuath deja de ser jugador del Gran Canaria. El club amarillo ha llegado a un acuerdo con el iLERNA Lleida para que el p\u00edvot de Sud\u00e1n del Sur contin\u00fae&hellip;<\/p>\n","protected":false},"author":30,"featured_media":340,"comment_status":"open","ping_status":"open","sticky":false,"template":"","format":"standard","meta":{"wpai_generated_summary":"","wpai_meta_description":"","footnotes":""},"categories":[122],"tags":[],"class_list":["post-339","post","type-post","status-publish","format-standard","has-post-thumbnail","hentry","category-deportes"],"_links":{"self":[{"href":"https:\/\/nublo.tv\/index.php\/wp-json\/wp\/v2\/posts\/339","targetHints":{"allow":["GET"]}}],"collection":[{"href":"https:\/\/nublo.tv\/index.php\/wp-json\/wp\/v2\/posts"}],"about":[{"href":"https:\/\/nublo.tv\/index.php\/wp-json\/wp\/v2\/types\/post"}],"author":[{"embeddable":true,"href":"https:\/\/nublo.tv\/index.php\/wp-json\/wp\/v2\/users\/30"}],"replies":[{"embeddable":true,"href":"https:\/\/nublo.tv\/index.php\/wp-json\/wp\/v2\/comments?post=339"}],"version-history":[{"count":1,"href":"https:\/\/nublo.tv\/index.php\/wp-json\/wp\/v2\/posts\/339\/revisions"}],"predecessor-version":[{"id":459,"href":"https:\/\/nublo.tv\/index.php\/wp-json\/wp\/v2\/posts\/339\/revisions\/459"}],"wp:featuredmedia":[{"embeddable":true,"href":"https:\/\/nublo.tv\/index.php\/wp-json\/wp\/v2\/media\/340"}],"wp:attachment":[{"href":"https:\/\/nublo.tv\/index.php\/wp-json\/wp\/v2\/media?parent=339"}],"wp:term":[{"taxonomy":"category","embeddable":true,"href":"https:\/\/nublo.tv\/index.php\/wp-json\/wp\/v2\/categories?post=339"},{"taxonomy":"post_tag","embeddable":true,"href":"https:\/\/nublo.tv\/index.php\/wp-json\/wp\/v2\/tags?post=339"}],"curies":[{"name":"wp","href":"https:\/\/api.w.org\/{rel}","templated":true}]}}