{"id":34,"date":"2026-08-04T17:37:41","date_gmt":"2026-08-04T16:37:41","guid":{"rendered":"https:\/\/nublo.tv\/?p=34"},"modified":"2026-08-04T17:37:41","modified_gmt":"2026-08-04T16:37:41","slug":"montana-de-los-velez-celebra-esta-semana-sus-tradicionales-fiestas-de-la-santa-cruz","status":"publish","type":"post","link":"https:\/\/nublo.tv\/index.php\/2026\/08\/04\/montana-de-los-velez-celebra-esta-semana-sus-tradicionales-fiestas-de-la-santa-cruz\/","title":{"rendered":"Monta\u00f1a de Los V\u00e9lez celebra esta semana sus tradicionales fiestas de La Santa Cruz."},"content":{"rendered":"<p class=\"p-meta\"><span>Marcos Hern\u00e1ndez Bola\u00f1os<\/span><span><time class=\"entry-date\" datetime=\"2026-07-21T11:24:27+00:00\">21\/07\/2026<\/time><\/span><span><a href=\"https:\/\/aguimes.es\/category\/noticias\/\" title=\"View all posts in: \u201cNoticias\u201d\">Noticias<\/a>, <a href=\"https:\/\/aguimes.es\/category\/noticias\/festejos\/\" title=\"View all posts in: \u201cFestejos\u201d\">Festejos<\/a><\/span><\/p>\n<p class=\"wp-block-paragraph\"><strong>La romer\u00eda-ofrenda del 25 de julio ser\u00e1 el acto central de unas celebraciones que combinan tradici\u00f3n, m\u00fasica y actividades para toda la familia.\u00a0\u00a0\u00a0<\/strong><\/p>\n<p class=\"wp-block-paragraph\">El barrio de Monta\u00f1a de Los V\u00e9lez vive esta semana una nueva edici\u00f3n de las fiestas en honor a La Santa Cruz, que se prolongar\u00e1n hasta el pr\u00f3ximo 26 de julio con un amplio programa de actos religiosos, l\u00fadicos, deportivos y musicales. Las celebraciones adquieren este a\u00f1o un significado especial, al cumplirse el centenario de la cruz que preside el barrio, s\u00edmbolo de uni\u00f3n entre los municipios de Ag\u00fcimes e Ingenio y elemento central de la identidad de este n\u00facleo poblacional.\u00a0\u00a0<\/p>\n<p class=\"wp-block-paragraph\">El d\u00eda grande de las fiestas llegar\u00e1 el s\u00e1bado 25 de julio con la celebraci\u00f3n de la tradicional romer\u00eda-ofrenda, que recorrer\u00e1 desde las 19:30 las calles del barrio y en la que vecinos y visitantes acudir\u00e1n ataviados con vestimenta tradicional canaria. La jornada incluir\u00e1 la eucarist\u00eda y se cerrar\u00e1 con una gran verbena amenizada por el Grupo Leyenda Joven y el DJ Abi\u00e1n Reyes.<\/p>\n<p class=\"wp-block-paragraph\">El programa festivo incluye adem\u00e1s numerosas actividades pensadas para todos los p\u00fablicos, entre ellas juegos infantiles, torneos de domin\u00f3 y zanga, cine en familia, actuaciones de magia, desfiles de moda, bailes para mayores y m\u00fasica en directo. Las celebraciones concluir\u00e1n el domingo 26 de julio, que comenzar\u00e1 con una jornada de ocio familiar con castillos hinchables acu\u00e1ticos en la plaza del barrio y una paella popular, seguida de una fiesta de la espuma y diversas actuaciones musicales a cargo del Grupo Arena, Son de la Isla y Pedro Afonso. <\/p>\n<p class=\"wp-block-paragraph\">Las fiestas tienen una especial relevancia este a\u00f1o, dado que se conmemora el centenario de la cruz que luce en lo alto de la monta\u00f1a y que fue donada por misioneros pa\u00fales en mayo de 1926. Las celebraciones, organizadas por la comisi\u00f3n de fiestas del barrio en colaboraci\u00f3n con el Ayuntamiento, constituyen una expresi\u00f3n representativa del car\u00e1cter familiar y participativo de sus habitantes, con las que contribuyen a mantener vivas las tradiciones y fortalecer los lazos de convivencia entre generaciones.<\/p>\n","protected":false},"excerpt":{"rendered":"<p>Marcos Hern\u00e1ndez Bola\u00f1os21\/07\/2026Noticias, FestejosLa romer\u00eda-ofrenda del 25 de julio ser\u00e1 el acto central de unas celebraciones que combinan tradici\u00f3n, m\u00fasica y actividades para toda la familia.\u00a0\u00a0\u00a0El barrio de Monta\u00f1a de&hellip;<\/p>\n","protected":false},"author":4,"featured_media":35,"comment_status":"open","ping_status":"open","sticky":false,"template":"","format":"standard","meta":{"wpai_generated_summary":"","wpai_meta_description":"","footnotes":""},"categories":[125],"tags":[],"class_list":["post-34","post","type-post","status-publish","format-standard","has-post-thumbnail","hentry","category-ayuntamiento-de-aguimes"],"_links":{"self":[{"href":"https:\/\/nublo.tv\/index.php\/wp-json\/wp\/v2\/posts\/34","targetHints":{"allow":["GET"]}}],"collection":[{"href":"https:\/\/nublo.tv\/index.php\/wp-json\/wp\/v2\/posts"}],"about":[{"href":"https:\/\/nublo.tv\/index.php\/wp-json\/wp\/v2\/types\/post"}],"author":[{"embeddable":true,"href":"https:\/\/nublo.tv\/index.php\/wp-json\/wp\/v2\/users\/4"}],"replies":[{"embeddable":true,"href":"https:\/\/nublo.tv\/index.php\/wp-json\/wp\/v2\/comments?post=34"}],"version-history":[{"count":1,"href":"https:\/\/nublo.tv\/index.php\/wp-json\/wp\/v2\/posts\/34\/revisions"}],"predecessor-version":[{"id":607,"href":"https:\/\/nublo.tv\/index.php\/wp-json\/wp\/v2\/posts\/34\/revisions\/607"}],"wp:featuredmedia":[{"embeddable":true,"href":"https:\/\/nublo.tv\/index.php\/wp-json\/wp\/v2\/media\/35"}],"wp:attachment":[{"href":"https:\/\/nublo.tv\/index.php\/wp-json\/wp\/v2\/media?parent=34"}],"wp:term":[{"taxonomy":"category","embeddable":true,"href":"https:\/\/nublo.tv\/index.php\/wp-json\/wp\/v2\/categories?post=34"},{"taxonomy":"post_tag","embeddable":true,"href":"https:\/\/nublo.tv\/index.php\/wp-json\/wp\/v2\/tags?post=34"}],"curies":[{"name":"wp","href":"https:\/\/api.w.org\/{rel}","templated":true}]}}