{"id":3404,"date":"2026-08-13T14:34:28","date_gmt":"2026-08-13T13:34:28","guid":{"rendered":"https:\/\/nublo.tv\/?p=3404"},"modified":"2026-08-27T12:35:27","modified_gmt":"2026-08-27T11:35:27","slug":"el-carrizal-celebra-este-fin-de-semana-los-dias-grandes-de-las-fiestas-del-buen-suceso-san-roque-y-san-haragan","status":"publish","type":"post","link":"https:\/\/nublo.tv\/index.php\/2026\/08\/13\/el-carrizal-celebra-este-fin-de-semana-los-dias-grandes-de-las-fiestas-del-buen-suceso-san-roque-y-san-haragan\/","title":{"rendered":"El Carrizal celebra este fin de semana los d\u00edas grandes de las fiestas del Buen Suceso, San Roque y \u2018San Harag\u00e1n\u2019"},"content":{"rendered":"<div class=\"et-l et-l--post\">\n<div class=\"et_builder_inner_content et_pb_gutters3\">\n<div class=\"et_pb_section et_pb_section_0 et_section_regular\">\n<div class=\"et_pb_row et_pb_row_0\">\n<div class=\"et_pb_column et_pb_column_4_4 et_pb_column_0  et_pb_css_mix_blend_mode_passthrough et-last-child\">\n<div class=\"et_pb_module et_pb_text et_pb_text_0  et_pb_text_align_left et_pb_bg_layout_light\">\n<div class=\"et_pb_text_inner\">\n<p>Las fiestas en honor a Nuestra Se\u00f1ora del Buen Suceso, San Roque y \u00abSan Harag\u00e1n\u00bb contin\u00faan en El Carrizal durante los pr\u00f3ximos d\u00edas con la celebraci\u00f3n de sus principales actos. La programaci\u00f3n concentra entre este viernes, 14 de agosto, y el domingo, 16, algunas de las citas m\u00e1s esperadas de estas celebraciones, combinando tradici\u00f3n, cultura, m\u00fasica y participaci\u00f3n.<\/p>\n<p>Ma\u00f1ana viernes, 14 de agosto, tendr\u00e1 lugar uno de los momentos centrales de las fiestas: la Romer\u00eda-Ofrenda a Nuestra Se\u00f1ora del Buen Suceso. La concentraci\u00f3n de carretas est\u00e1 prevista a las 16:00 horas en el Parque Camelot, mientras que la romer\u00eda partir\u00e1 a las 19:00 horas para recorrer Rep\u00fablica Argentina, N\u00fa\u00f1ez de Balboa, Sor Josefa Morales y finalizar en la Plaza del Buen Suceso. El acto contar\u00e1 con la participaci\u00f3n del solista Jes\u00fas Monz\u00f3n, el cual interpretar\u00e1 un canto dedicado a la Virgen a la salida del trono, y de la charanga La Ingeniosa de la Sociedad Musical Villa de Ingenio, a la cual le seguir\u00e1n las 16 carretas participantes con sus respectivas agrupaciones o parrandas acompa\u00f1ando y animando el recorrido:<br \/>\n1. Ayuntamiento de la Villa de Ingenio \u2013 Asociaci\u00f3n Cultural Xirandola<br \/>\n2. Vecinos del Toril y La Plaza \u2013 A.F. Tacoremi<br \/>\n3. AV San Gabriel La Jurada \u2013 Grupo La Escuelita de Ismael y ACB Amigos del Carrizal 7 Islas<br \/>\n4. Asociaci\u00f3n INCAE \u2013 Pal Ingenio<br \/>\n5. AFC Guayadeque \u2013 AFC Guayadeque<br \/>\n6. Carpinter\u00eda Hermanos Viera \u2013 A. F. Los Salineros<br \/>\n7. Club Deportivo Senderistas Caminando con Ingenio \u2013 Parranda Mayores de Ingenio<br \/>\n8. Murga Los Lega\u00f1osos y Murga Infantil Los Lega\u00f1ositos \u2013 A. F. El Draguillo<br \/>\n9. Asociaci\u00f3n Socio Cultural y Vecinal Los Obreros de Carrizal \u2013 Parranda El Oronado<br \/>\n10. AV Crist\u00f3bal Pe\u00f1a Las Puntillas \u2013 A. F. San Gabriel<br \/>\n11. AV San Jos\u00e9 Obrero \u2013 Barrio Nuevo Carrizal \u2013 Parranda Goreti de Lourdes<br \/>\n12. Murga Las Lega\u00f1osas \u2013 Parranda Aulaga<br \/>\n13. Los Aperos de Labranza \u2013 Amigos de la Torna Golosa<br \/>\n14. Asociaci\u00f3n Fiestas Nietos del Pilar \u2013 A. F. Las Mahoreras<br \/>\n15. AV Juvenil Carrizal \u2013 Parranda los Machangos<br \/>\n16. AV Antonio Morales La Capellan\u00eda \u2013 Risco Verde<\/p>\n<p>La jornada continuar\u00e1 en la Plaza del Buen Suceso con el II Baile de Cuerdas Pep\u00edn Viera con la parranda El Viejo Cafet\u00edn, y ya, a las 23:00 horas, el Parque del Buen Suceso acoger\u00e1 una Noche de Orquestas con La Combinaci\u00f3n, Paco Guedes y Armon\u00eda Show. A medianoche llegar\u00e1 el espect\u00e1culo pirot\u00e9cnico, dando la bienvenida al d\u00eda principal de las fiestas.<\/p>\n<p><u>S\u00e1bado, 15 de agosto: Festividad de Nuestra Se\u00f1ora del Buen Suceso<\/u><br \/>\nEl s\u00e1bado, 15 de agosto, festividad de Nuestra Se\u00f1ora del Buen Suceso, comenzar\u00e1 a las 06:00 horas con la tradicional Diana Floreada, acompa\u00f1ada por la Banda Guiniguada. La ma\u00f1ana ofrecer\u00e1 tambi\u00e9n dos propuestas vinculadas a la tradici\u00f3n y al sector primario. De 10:00 a 15:00 horas, la calle Sor Josefa Morales acoger\u00e1 el mercadillo artesanal y agroalimentario, y el Recinto Ferial de Guayadeque la feria-exposici\u00f3n de ganado de 10:00 a 13:00 horas.<\/p>\n<p>La Santa Misa Solemne se celebrar\u00e1 a las 11:00, tras la cual se llevar\u00e1 a cabo la procesi\u00f3n acompa\u00f1ada por la Sociedad Musical Villa de Ingenio. Finalizada esta, se podr\u00e1 disfrutar, bajo la carpa del Parque del Buen Suceso, de un brindis popular y verbena del solajero con Los del Son. La programaci\u00f3n continuar\u00e1 a las 20:30 horas con el XXXI Festival Zonal Virgen del Buen Suceso de la A.F.C. Guayadeque en el Parque del Buen Suceso, concluyendo la noche con m\u00fasica del DJ Ulises Acosta y del Grupo Acuarela en la Plaza del Buen Suceso.<br \/>\n<u><br \/>\nDomingo, 16 de agosto: San Roque<\/u><br \/>\nEl domingo, 16 de agosto, coincidiendo con la festividad de San Roque, llegar\u00e1 la VIII Carrera de Carretones Buen Suceso 2026, que comenzar\u00e1 a las 12:00 horas contando con la colaboraci\u00f3n del Club Deportivo Enr\u00edskate. La Santa Misa Solemne en honor a San Roque se celebrar\u00e1 a las 19:00 horas, seguida de la procesi\u00f3n y reparto del Pan de San Roque. Finalmente, a las 21:00 horas, el concierto de El Vega cerrar\u00e1 los principales actos de las fiestas en el Parque del Buen Suceso de El Carrizal.<\/p>\n<\/div><\/div>\n<div class=\"et_pb_module et_pb_gallery et_pb_gallery_0  et_pb_bg_layout_light et_pb_gallery_grid\">\n<div class=\"et_pb_gallery_items et_post_gallery clearfix\" data-per_page=\"4\">\n<div class=\"et_pb_gallery_item et_pb_grid_item et_pb_bg_layout_light et_pb_gallery_item_0_0\">\n<div class=\"et_pb_gallery_image landscape\">\n\t\t\t\t\t<a href=\"https:\/\/ingenio.es\/wp-content\/uploads\/2026\/08\/FIESTAS-1.jpg\" title=\"FIESTAS (1)\"><br \/>\n\t\t\t\t\t<img loading=\"lazy\" decoding=\"async\" width=\"400\" height=\"284\" src=\"https:\/\/ingenio.es\/wp-content\/uploads\/2026\/08\/FIESTAS-1-400x284.jpg\" class=\"wp-image-354947\"><br \/>\n\t\t\t\t\t<span class=\"et_overlay\"><\/span><br \/>\n\t\t\t\t<\/a>\n\t\t\t\t<\/div>\n<h3 class=\"et_pb_gallery_title\">FIESTAS (1)<\/h3>\n<\/div>\n<div class=\"et_pb_gallery_item et_pb_grid_item et_pb_bg_layout_light et_pb_gallery_item_0_1\">\n<div class=\"et_pb_gallery_image landscape\">\n\t\t\t\t\t<a href=\"https:\/\/ingenio.es\/wp-content\/uploads\/2026\/08\/FIESTAS-2.jpg\" title=\"FIESTAS (2)\"><br \/>\n\t\t\t\t\t<img decoding=\"async\" loading=\"lazy\" width=\"400\" height=\"284\" src=\"https:\/\/ingenio.es\/wp-content\/uploads\/2026\/08\/FIESTAS-2-400x284.jpg\" class=\"wp-image-354948\"><br \/>\n\t\t\t\t\t<span class=\"et_overlay\"><\/span><br \/>\n\t\t\t\t<\/a>\n\t\t\t\t<\/div>\n<h3 class=\"et_pb_gallery_title\">FIESTAS (2)<\/h3>\n<\/div>\n<div class=\"et_pb_gallery_item et_pb_grid_item et_pb_bg_layout_light et_pb_gallery_item_0_2\">\n<div class=\"et_pb_gallery_image landscape\">\n\t\t\t\t\t<a href=\"https:\/\/ingenio.es\/wp-content\/uploads\/2026\/08\/FIESTAS-3.jpg\" title=\"FIESTAS (3)\"><br \/>\n\t\t\t\t\t<img decoding=\"async\" loading=\"lazy\" width=\"400\" height=\"284\" src=\"https:\/\/ingenio.es\/wp-content\/uploads\/2026\/08\/FIESTAS-3-400x284.jpg\" class=\"wp-image-354949\"><br \/>\n\t\t\t\t\t<span class=\"et_overlay\"><\/span><br \/>\n\t\t\t\t<\/a>\n\t\t\t\t<\/div>\n<h3 class=\"et_pb_gallery_title\">FIESTAS (3)<\/h3>\n<\/div>\n<div class=\"et_pb_gallery_item et_pb_grid_item et_pb_bg_layout_light et_pb_gallery_item_0_3\">\n<div class=\"et_pb_gallery_image landscape\">\n\t\t\t\t\t<a href=\"https:\/\/ingenio.es\/wp-content\/uploads\/2026\/08\/FIESTAS-4.jpg\" title=\"FIESTAS (4)\"><br \/>\n\t\t\t\t\t<img decoding=\"async\" loading=\"lazy\" width=\"400\" height=\"284\" src=\"https:\/\/ingenio.es\/wp-content\/uploads\/2026\/08\/FIESTAS-4-400x284.jpg\" class=\"wp-image-354950\"><br \/>\n\t\t\t\t\t<span class=\"et_overlay\"><\/span><br \/>\n\t\t\t\t<\/a>\n\t\t\t\t<\/div>\n<h3 class=\"et_pb_gallery_title\">FIESTAS (4)<\/h3>\n<\/div>\n<div class=\"et_pb_gallery_item et_pb_grid_item et_pb_bg_layout_light et_pb_gallery_item_0_4\">\n<div class=\"et_pb_gallery_image landscape\">\n\t\t\t\t\t<a href=\"https:\/\/ingenio.es\/wp-content\/uploads\/2026\/08\/FIESTAS-5.jpg\" title=\"FIESTAS (5)\"><br \/>\n\t\t\t\t\t<img decoding=\"async\" loading=\"lazy\" width=\"400\" height=\"284\" src=\"https:\/\/ingenio.es\/wp-content\/uploads\/2026\/08\/FIESTAS-5-400x284.jpg\" class=\"wp-image-354951\"><br \/>\n\t\t\t\t\t<span class=\"et_overlay\"><\/span><br \/>\n\t\t\t\t<\/a>\n\t\t\t\t<\/div>\n<h3 class=\"et_pb_gallery_title\">FIESTAS (5)<\/h3>\n<\/div>\n<div class=\"et_pb_gallery_item et_pb_grid_item et_pb_bg_layout_light et_pb_gallery_item_0_5\">\n<div class=\"et_pb_gallery_image landscape\">\n\t\t\t\t\t<a href=\"https:\/\/ingenio.es\/wp-content\/uploads\/2026\/08\/PUNTO-VIOLETA-BUEN-SUCESO.jpg\" title=\"PUNTO VIOLETA BUEN SUCESO\"><br \/>\n\t\t\t\t\t<img decoding=\"async\" loading=\"lazy\" width=\"400\" height=\"284\" src=\"https:\/\/ingenio.es\/wp-content\/uploads\/2026\/08\/PUNTO-VIOLETA-BUEN-SUCESO-400x284.jpg\" class=\"wp-image-354952\"><br \/>\n\t\t\t\t\t<span class=\"et_overlay\"><\/span><br \/>\n\t\t\t\t<\/a>\n\t\t\t\t<\/div>\n<h3 class=\"et_pb_gallery_title\">PUNTO VIOLETA BUEN SUCESO<\/h3>\n<\/div>\n<div class=\"et_pb_gallery_item et_pb_grid_item et_pb_bg_layout_light et_pb_gallery_item_0_6\">\n<div class=\"et_pb_gallery_image landscape\">\n\t\t\t\t\t<a href=\"https:\/\/ingenio.es\/wp-content\/uploads\/2026\/08\/FESTIVAL-GUAYADEQUE.jpg\" title=\"FESTIVAL GUAYADEQUE\"><br \/>\n\t\t\t\t\t<img decoding=\"async\" loading=\"lazy\" width=\"400\" height=\"284\" src=\"https:\/\/ingenio.es\/wp-content\/uploads\/2026\/08\/FESTIVAL-GUAYADEQUE-400x284.jpg\" class=\"wp-image-354945\"><br \/>\n\t\t\t\t\t<span class=\"et_overlay\"><\/span><br \/>\n\t\t\t\t<\/a>\n\t\t\t\t<\/div>\n<h3 class=\"et_pb_gallery_title\">FESTIVAL GUAYADEQUE<\/h3>\n<\/div>\n<div class=\"et_pb_gallery_item et_pb_grid_item et_pb_bg_layout_light et_pb_gallery_item_0_7\">\n<div class=\"et_pb_gallery_image landscape\">\n\t\t\t\t\t<a href=\"https:\/\/ingenio.es\/wp-content\/uploads\/2026\/08\/FIESTAS-0.jpg\" title=\"FIESTAS (0)\"><br \/>\n\t\t\t\t\t<img decoding=\"async\" loading=\"lazy\" width=\"397\" height=\"562\" src=\"https:\/\/ingenio.es\/wp-content\/uploads\/2026\/08\/FIESTAS-0.jpg\" class=\"wp-image-354946\"><br \/>\n\t\t\t\t\t<span class=\"et_overlay\"><\/span><br \/>\n\t\t\t\t<\/a>\n\t\t\t\t<\/div>\n<h3 class=\"et_pb_gallery_title\">FIESTAS (0)<\/h3>\n<\/div>\n<\/div>\n<div class=\"et_pb_gallery_pagination\"><\/div>\n<\/div><\/div>\n<\/p><\/div>\n<\/p><\/div>\n<div class=\"wp_rp_wrap  wp_rp_vertical\" id=\"wp_rp_first\">\n<div class=\"wp_rp_content\"><\/div>\n<\/div><\/div>\n<\/p><\/div>\n<div class=\"swp-content-locator\"><\/div>\n","protected":false},"excerpt":{"rendered":"<p>Las fiestas en honor a Nuestra Se\u00f1ora del Buen Suceso, San Roque y \u00abSan Harag\u00e1n\u00bb contin\u00faan en El Carrizal durante los pr\u00f3ximos d\u00edas con la celebraci\u00f3n de sus principales actos.&hellip;<\/p>\n","protected":false},"author":1,"featured_media":3405,"comment_status":"open","ping_status":"open","sticky":false,"template":"","format":"standard","meta":{"wpai_generated_summary":"","wpai_meta_description":"","footnotes":""},"categories":[130],"tags":[],"class_list":["post-3404","post","type-post","status-publish","format-standard","has-post-thumbnail","hentry","category-ayuntamiento-de-ingenio"],"_links":{"self":[{"href":"https:\/\/nublo.tv\/index.php\/wp-json\/wp\/v2\/posts\/3404","targetHints":{"allow":["GET"]}}],"collection":[{"href":"https:\/\/nublo.tv\/index.php\/wp-json\/wp\/v2\/posts"}],"about":[{"href":"https:\/\/nublo.tv\/index.php\/wp-json\/wp\/v2\/types\/post"}],"author":[{"embeddable":true,"href":"https:\/\/nublo.tv\/index.php\/wp-json\/wp\/v2\/users\/1"}],"replies":[{"embeddable":true,"href":"https:\/\/nublo.tv\/index.php\/wp-json\/wp\/v2\/comments?post=3404"}],"version-history":[{"count":1,"href":"https:\/\/nublo.tv\/index.php\/wp-json\/wp\/v2\/posts\/3404\/revisions"}],"predecessor-version":[{"id":3414,"href":"https:\/\/nublo.tv\/index.php\/wp-json\/wp\/v2\/posts\/3404\/revisions\/3414"}],"wp:featuredmedia":[{"embeddable":true,"href":"https:\/\/nublo.tv\/index.php\/wp-json\/wp\/v2\/media\/3405"}],"wp:attachment":[{"href":"https:\/\/nublo.tv\/index.php\/wp-json\/wp\/v2\/media?parent=3404"}],"wp:term":[{"taxonomy":"category","embeddable":true,"href":"https:\/\/nublo.tv\/index.php\/wp-json\/wp\/v2\/categories?post=3404"},{"taxonomy":"post_tag","embeddable":true,"href":"https:\/\/nublo.tv\/index.php\/wp-json\/wp\/v2\/tags?post=3404"}],"curies":[{"name":"wp","href":"https:\/\/api.w.org\/{rel}","templated":true}]}}