{"id":3406,"date":"2026-08-13T14:34:31","date_gmt":"2026-08-13T13:34:31","guid":{"rendered":"https:\/\/nublo.tv\/?p=3406"},"modified":"2026-08-27T12:35:27","modified_gmt":"2026-08-27T11:35:27","slug":"el-punto-violeta-vuelve-a-las-fiestas-de-el-carrizal","status":"publish","type":"post","link":"https:\/\/nublo.tv\/index.php\/2026\/08\/13\/el-punto-violeta-vuelve-a-las-fiestas-de-el-carrizal\/","title":{"rendered":"El Punto Violeta vuelve a las fiestas de El Carrizal"},"content":{"rendered":"<div class=\"et-l et-l--post\">\n<div class=\"et_builder_inner_content et_pb_gutters3\">\n<div class=\"et_pb_section et_pb_section_0 et_section_regular\">\n<div class=\"et_pb_row et_pb_row_0\">\n<div class=\"et_pb_column et_pb_column_4_4 et_pb_column_0  et_pb_css_mix_blend_mode_passthrough et-last-child\">\n<div class=\"et_pb_module et_pb_text et_pb_text_0  et_pb_text_align_left et_pb_bg_layout_light\">\n<div class=\"et_pb_text_inner\">\n<p>Las Fiestas en honor a Nuestra Se\u00f1ora del Buen Suceso de El Carrizal vuelven a contar con la presencia del Punto Violeta, una acci\u00f3n orientada a promover entornos de ocio seguros, sensibilizar a la ciudadan\u00eda sobre la violencia de g\u00e9nero y ofrecer atenci\u00f3n, acompa\u00f1amiento e informaci\u00f3n ante cualquier situaci\u00f3n de violencia, acoso o agresi\u00f3n sexual. El Punto Violeta permanecer\u00e1 instalado este viernes, 14 de agosto, coincidiendo con la noche festiva que se celebrar\u00e1 tras la romer\u00eda, en el Parque del Buen Suceso desde las 22:00 hasta las 4:00 horas.<\/p>\n<p>El equipo al frente del \u2018Punto Violeta\u2019 est\u00e1 compuesto por voluntariado formado en igualdad y violencia de g\u00e9nero. Esta acci\u00f3n de colaboraci\u00f3n comunitaria para promover entornos seguros y libres de violencia cuenta con el respaldo del Ayuntamiento de Ingenio, a trav\u00e9s de la Concejal\u00eda de Igualdad y Diversidad, en colaboraci\u00f3n con el Colectivo Atenea, ReCre\u00e1ndome e Ingenio Act\u00faa.<\/p>\n<\/div><\/div>\n<div class=\"et_pb_module et_pb_image et_pb_image_0\">\n<p>\t\t\t\t<span class=\"et_pb_image_wrap \"><img loading=\"lazy\" decoding=\"async\" width=\"527\" height=\"746\" src=\"https:\/\/ingenio.es\/wp-content\/uploads\/2026\/08\/PUNTO-VIOLETA-BUEN-SUCESO.jpg\" alt=\"\" title=\"PUNTO VIOLETA BUEN SUCESO\" class=\"wp-image-354952\"><\/span>\n\t\t\t<\/div>\n<\/p><\/div>\n<\/p><\/div>\n<\/p><\/div>\n<div class=\"wp_rp_wrap  wp_rp_vertical\" id=\"wp_rp_first\">\n<div class=\"wp_rp_content\"><\/div>\n<\/div><\/div>\n<\/p><\/div>\n<div class=\"swp-content-locator\"><\/div>\n","protected":false},"excerpt":{"rendered":"<p>Las Fiestas en honor a Nuestra Se\u00f1ora del Buen Suceso de El Carrizal vuelven a contar con la presencia del Punto Violeta, una acci\u00f3n orientada a promover entornos de ocio&hellip;<\/p>\n","protected":false},"author":1,"featured_media":3407,"comment_status":"open","ping_status":"open","sticky":false,"template":"","format":"standard","meta":{"wpai_generated_summary":"","wpai_meta_description":"","footnotes":""},"categories":[130],"tags":[],"class_list":["post-3406","post","type-post","status-publish","format-standard","has-post-thumbnail","hentry","category-ayuntamiento-de-ingenio"],"_links":{"self":[{"href":"https:\/\/nublo.tv\/index.php\/wp-json\/wp\/v2\/posts\/3406","targetHints":{"allow":["GET"]}}],"collection":[{"href":"https:\/\/nublo.tv\/index.php\/wp-json\/wp\/v2\/posts"}],"about":[{"href":"https:\/\/nublo.tv\/index.php\/wp-json\/wp\/v2\/types\/post"}],"author":[{"embeddable":true,"href":"https:\/\/nublo.tv\/index.php\/wp-json\/wp\/v2\/users\/1"}],"replies":[{"embeddable":true,"href":"https:\/\/nublo.tv\/index.php\/wp-json\/wp\/v2\/comments?post=3406"}],"version-history":[{"count":1,"href":"https:\/\/nublo.tv\/index.php\/wp-json\/wp\/v2\/posts\/3406\/revisions"}],"predecessor-version":[{"id":3415,"href":"https:\/\/nublo.tv\/index.php\/wp-json\/wp\/v2\/posts\/3406\/revisions\/3415"}],"wp:featuredmedia":[{"embeddable":true,"href":"https:\/\/nublo.tv\/index.php\/wp-json\/wp\/v2\/media\/3407"}],"wp:attachment":[{"href":"https:\/\/nublo.tv\/index.php\/wp-json\/wp\/v2\/media?parent=3406"}],"wp:term":[{"taxonomy":"category","embeddable":true,"href":"https:\/\/nublo.tv\/index.php\/wp-json\/wp\/v2\/categories?post=3406"},{"taxonomy":"post_tag","embeddable":true,"href":"https:\/\/nublo.tv\/index.php\/wp-json\/wp\/v2\/tags?post=3406"}],"curies":[{"name":"wp","href":"https:\/\/api.w.org\/{rel}","templated":true}]}}