{"id":3408,"date":"2026-08-13T14:34:22","date_gmt":"2026-08-13T13:34:22","guid":{"rendered":"https:\/\/nublo.tv\/?p=3408"},"modified":"2026-08-27T12:35:27","modified_gmt":"2026-08-27T11:35:27","slug":"musica-tradicion-e-intercambio-cultural-entre-canarias-y-galicia-en-el-festival-virgen-del-buen-suceso-de-la-afc-guayadeque","status":"publish","type":"post","link":"https:\/\/nublo.tv\/index.php\/2026\/08\/13\/musica-tradicion-e-intercambio-cultural-entre-canarias-y-galicia-en-el-festival-virgen-del-buen-suceso-de-la-afc-guayadeque\/","title":{"rendered":"M\u00fasica, tradici\u00f3n e intercambio cultural entre Canarias y Galicia en el Festival Virgen del Buen Suceso de la AFC Guayadeque"},"content":{"rendered":"<div class=\"et-l et-l--post\">\n<div class=\"et_builder_inner_content et_pb_gutters3\">\n<div class=\"et_pb_section et_pb_section_0 et_section_regular\">\n<div class=\"et_pb_row et_pb_row_0\">\n<div class=\"et_pb_column et_pb_column_4_4 et_pb_column_0  et_pb_css_mix_blend_mode_passthrough et-last-child\">\n<div class=\"et_pb_module et_pb_text et_pb_text_0  et_pb_text_align_left et_pb_bg_layout_light\">\n<div class=\"et_pb_text_inner\">\n<p>La A.F.C. Guayadeque de El Carrizal celebrar\u00e1 el pr\u00f3ximo s\u00e1bado, 15 de agosto, a partir de las 21:00 horas, en el parque del Buen Suceso, el XXXI Festival Zonal Virgen del Buen Suceso y la XXVII Muestra de Solistas, una de las citas m\u00e1s tradicionales del calendario cultural del municipio.<\/p>\n<p>El Festival contar\u00e1 con la participaci\u00f3n de la Asociaci\u00f3n Cultural Xirandola, procedente de A Bandeira (Silleda, Pontevedra), devolvi\u00e9ndoles as\u00ed la visita que realizaba la agrupaci\u00f3n carrizalera a Galicia en el a\u00f1o 2024. Completan la edici\u00f3n, adem\u00e1s del grupo anfitri\u00f3n, tres solistas de Gran Canaria: Thania Gil, David Su\u00e1rez y Jos\u00e9 Mar\u00eda D\u00e1vila.<\/p>\n<p>Tal y como recordaban anoche en el programa \u00abDesde Mi Barrio\u00bb de Este Canal TV dos de los componentes de la formaci\u00f3n, Ra\u00fal Alaya y Joaqu\u00edn L\u00f3pez, el acto servir\u00e1 adem\u00e1s para presentar oficialmente el disco conmemorativo del 50 aniversario de la A.F.C. Guayadeque celebrado en 2025. El trabajo recoge no solo parte del legado musical de la agrupaci\u00f3n sino, a trav\u00e9s de un c\u00f3digo QR, tambi\u00e9n una muestra de bailes y de vestimenta, continuando con el trabajo de compromiso y defensa de nuestras tradiciones que caracteriza al colectivo.<\/p>\n<p>La A.F.C. Guayadeque invita a vecinas, vecinos y visitantes a disfrutar de una noche de m\u00fasica, tradici\u00f3n e intercambio cultural entre Canarias y Galicia, en un evento que volver\u00e1 a convertir el Parque del Buen Suceso en punto de encuentro para las personas amantes del folclore.<\/p>\n<\/div><\/div>\n<div class=\"et_pb_module et_pb_image et_pb_image_0\">\n<p>\t\t\t\t<span class=\"et_pb_image_wrap \"><img loading=\"lazy\" decoding=\"async\" width=\"542\" height=\"692\" src=\"https:\/\/ingenio.es\/wp-content\/uploads\/2026\/08\/FESTIVAL-GUAYADEQUE.jpg\" alt=\"\" title=\"FESTIVAL GUAYADEQUE\" class=\"wp-image-354945\"><\/span>\n\t\t\t<\/div>\n<\/p><\/div>\n<\/p><\/div>\n<\/p><\/div>\n<div class=\"wp_rp_wrap  wp_rp_vertical\" id=\"wp_rp_first\">\n<div class=\"wp_rp_content\"><\/div>\n<\/div><\/div>\n<\/p><\/div>\n<div class=\"swp-content-locator\"><\/div>\n","protected":false},"excerpt":{"rendered":"<p>La A.F.C. Guayadeque de El Carrizal celebrar\u00e1 el pr\u00f3ximo s\u00e1bado, 15 de agosto, a partir de las 21:00 horas, en el parque del Buen Suceso, el XXXI Festival Zonal Virgen&hellip;<\/p>\n","protected":false},"author":1,"featured_media":3409,"comment_status":"open","ping_status":"open","sticky":false,"template":"","format":"standard","meta":{"wpai_generated_summary":"","wpai_meta_description":"","footnotes":""},"categories":[130],"tags":[],"class_list":["post-3408","post","type-post","status-publish","format-standard","has-post-thumbnail","hentry","category-ayuntamiento-de-ingenio"],"_links":{"self":[{"href":"https:\/\/nublo.tv\/index.php\/wp-json\/wp\/v2\/posts\/3408","targetHints":{"allow":["GET"]}}],"collection":[{"href":"https:\/\/nublo.tv\/index.php\/wp-json\/wp\/v2\/posts"}],"about":[{"href":"https:\/\/nublo.tv\/index.php\/wp-json\/wp\/v2\/types\/post"}],"author":[{"embeddable":true,"href":"https:\/\/nublo.tv\/index.php\/wp-json\/wp\/v2\/users\/1"}],"replies":[{"embeddable":true,"href":"https:\/\/nublo.tv\/index.php\/wp-json\/wp\/v2\/comments?post=3408"}],"version-history":[{"count":1,"href":"https:\/\/nublo.tv\/index.php\/wp-json\/wp\/v2\/posts\/3408\/revisions"}],"predecessor-version":[{"id":3412,"href":"https:\/\/nublo.tv\/index.php\/wp-json\/wp\/v2\/posts\/3408\/revisions\/3412"}],"wp:featuredmedia":[{"embeddable":true,"href":"https:\/\/nublo.tv\/index.php\/wp-json\/wp\/v2\/media\/3409"}],"wp:attachment":[{"href":"https:\/\/nublo.tv\/index.php\/wp-json\/wp\/v2\/media?parent=3408"}],"wp:term":[{"taxonomy":"category","embeddable":true,"href":"https:\/\/nublo.tv\/index.php\/wp-json\/wp\/v2\/categories?post=3408"},{"taxonomy":"post_tag","embeddable":true,"href":"https:\/\/nublo.tv\/index.php\/wp-json\/wp\/v2\/tags?post=3408"}],"curies":[{"name":"wp","href":"https:\/\/api.w.org\/{rel}","templated":true}]}}