{"id":341,"date":"2026-08-04T17:32:54","date_gmt":"2026-08-04T16:32:54","guid":{"rendered":"https:\/\/nublo.tv\/?p=341"},"modified":"2026-08-04T17:32:54","modified_gmt":"2026-08-04T16:32:54","slug":"el-gran-canaria-suma-una-nueva-pieza-con-la-incorporacion-de-juan-rubio","status":"publish","type":"post","link":"https:\/\/nublo.tv\/index.php\/2026\/08\/04\/el-gran-canaria-suma-una-nueva-pieza-con-la-incorporacion-de-juan-rubio\/","title":{"rendered":"El Gran Canaria suma una nueva pieza con la incorporaci\u00f3n de Juan Rubio"},"content":{"rendered":"<p class=\"wp-block-paragraph\">El Gran Canaria contar\u00e1 con la potencia, el saber hacer y la experiencia de Juan Rubio (Murcia, Espa\u00f1a, 1995) esta pr\u00f3xima temporada 2026\/27. El murciano, que tiene un amplio bagaje en el baloncesto nacional, aterrizar\u00e1 en Gran Canaria procedente del Recoletas Salud San Pablo Burgos, equipo con el que estuvo compitiendo la pasada campa\u00f1a en Liga Endesa.<\/p>\n<p class=\"wp-block-paragraph\">Juan Rubio dio sus primeros pasos en el CB Capuchinos y en el UCAM Murcia. En el conjunto murciano complet\u00f3 su formaci\u00f3n hasta llegar a Liga EBA. Sali\u00f3 de su tierra para jugar en el Cambados Xuven en la temporada 2016\/17, tambi\u00e9n en Liga EBA. En el conjunto gallego, Rubio promedi\u00f3 9,6 puntos, 3,7 rebotes, 1,7 asistencias y 9,6 de valoraci\u00f3n en 29 encuentros disputados. Su buen nivel le llevar\u00eda hasta el Melilla Ciudad del Deporte, donde disput\u00f3 dos temporadas en LEB Oro, hoy Primera FEB.<\/p>\n<p class=\"wp-block-paragraph\">Tras finalizar su etapa en Melilla, Juan Rubio sigui\u00f3 su carrera en Cl\u00ednica Sur-Aspasia RVB, de manera breve, y en el Real Murcia, jugando all\u00ed entre 2019 y 2021. Rubi\u00f3 promedi\u00f3 7,4 puntos y 2,8 rebotes en las filas del conjunto murciano. En el verano de 2021 firm\u00f3 por un curso con el Palencia Basket en Primera FEB, firmando 7,3 puntos y 3,1 rebotes en un curso en el que el equipo palentino estuvo cerca del ascenso.<\/p>\n<p class=\"wp-block-paragraph\">Juan Rubio fich\u00f3 por MoraBanc Andorra en 2022, y logr\u00f3 con el equipo del Principado el ansiado ascenso a Liga Endesa, debutando en la \u00e9lite en la campa\u00f1a 23\/24. Tras pasar el curso 24\/25 en el Movistar Estudiantes, el pasado verano de 2025 volvi\u00f3 a tener la oportunidad de jugar en Liga Endesa, esta vez de la mano del Recoletas Salud San Pablo Burgos. All\u00ed disput\u00f3 32 partidos, siendo dirigido a comienzos de curso por el hoy entrenador amarillo Bruno Savignani.<\/p>\n<p class=\"wp-block-paragraph\">Rubio se suma as\u00ed a la rotaci\u00f3n exterior del equipo grancanario, que arrancar\u00e1 los entrenamientos el pr\u00f3ximo 17 de agosto.<\/p>\n","protected":false},"excerpt":{"rendered":"<p>El Gran Canaria contar\u00e1 con la potencia, el saber hacer y la experiencia de Juan Rubio (Murcia, Espa\u00f1a, 1995) esta pr\u00f3xima temporada 2026\/27. El murciano, que tiene un amplio bagaje&hellip;<\/p>\n","protected":false},"author":30,"featured_media":342,"comment_status":"open","ping_status":"open","sticky":false,"template":"","format":"standard","meta":{"wpai_generated_summary":"","wpai_meta_description":"","footnotes":""},"categories":[122],"tags":[],"class_list":["post-341","post","type-post","status-publish","format-standard","has-post-thumbnail","hentry","category-deportes"],"_links":{"self":[{"href":"https:\/\/nublo.tv\/index.php\/wp-json\/wp\/v2\/posts\/341","targetHints":{"allow":["GET"]}}],"collection":[{"href":"https:\/\/nublo.tv\/index.php\/wp-json\/wp\/v2\/posts"}],"about":[{"href":"https:\/\/nublo.tv\/index.php\/wp-json\/wp\/v2\/types\/post"}],"author":[{"embeddable":true,"href":"https:\/\/nublo.tv\/index.php\/wp-json\/wp\/v2\/users\/30"}],"replies":[{"embeddable":true,"href":"https:\/\/nublo.tv\/index.php\/wp-json\/wp\/v2\/comments?post=341"}],"version-history":[{"count":1,"href":"https:\/\/nublo.tv\/index.php\/wp-json\/wp\/v2\/posts\/341\/revisions"}],"predecessor-version":[{"id":474,"href":"https:\/\/nublo.tv\/index.php\/wp-json\/wp\/v2\/posts\/341\/revisions\/474"}],"wp:featuredmedia":[{"embeddable":true,"href":"https:\/\/nublo.tv\/index.php\/wp-json\/wp\/v2\/media\/342"}],"wp:attachment":[{"href":"https:\/\/nublo.tv\/index.php\/wp-json\/wp\/v2\/media?parent=341"}],"wp:term":[{"taxonomy":"category","embeddable":true,"href":"https:\/\/nublo.tv\/index.php\/wp-json\/wp\/v2\/categories?post=341"},{"taxonomy":"post_tag","embeddable":true,"href":"https:\/\/nublo.tv\/index.php\/wp-json\/wp\/v2\/tags?post=341"}],"curies":[{"name":"wp","href":"https:\/\/api.w.org\/{rel}","templated":true}]}}