{"id":343,"date":"2026-08-04T17:35:23","date_gmt":"2026-08-04T16:35:23","guid":{"rendered":"https:\/\/nublo.tv\/?p=343"},"modified":"2026-08-04T17:35:23","modified_gmt":"2026-08-04T16:35:23","slug":"el-gran-canaria-arrancara-el-curso-recibiendo-al-alimerka-oviedo-baloncesto","status":"publish","type":"post","link":"https:\/\/nublo.tv\/index.php\/2026\/08\/04\/el-gran-canaria-arrancara-el-curso-recibiendo-al-alimerka-oviedo-baloncesto\/","title":{"rendered":"El Gran Canaria arrancar\u00e1 el curso recibiendo al Alimerka Oviedo Baloncesto"},"content":{"rendered":"<p class=\"wp-block-paragraph\">El Gran Canaria ya conoce su hoja de ruta para esta temporada 26\/27 en Primera FEB. El equipo amarillo debutar\u00e1 como local el s\u00e1bado 26 de septiembre a las 19:00 horas ante Alimerka Oviendo Baloncesto, que disput\u00f3 la Final Four de ascenso a Liga Endesa el pasado curso.<\/p>\n<p class=\"wp-block-paragraph\">Los insulares se reencontrar\u00e1n con viejos conocidos de la \u00e9lite y grandes rivales en esta categor\u00eda. Por ejemplo, el \u2018Granca\u2019 se medir\u00e1 al Movistar Estudiantes el domingo 1 de noviembre en la capital, con el \u2018Estu\u2019 visitando Siete Palmas el fin de semana el s\u00e1bado 6 de febrero. Otra visita a la Comunidad de Madrid ser\u00e1 para enfrentar al Flexicar Fuenlabrada en la segunda jornada, el s\u00e1bado 3 de octubre. Los grancanarios volver\u00e1n a verse las caras, tambi\u00e9n, con el Inveready Askatuak Gipuzkoa, visitando San Sebasti\u00e1n el 11 de febrero.<\/p>\n<p>Habr\u00e1 tambi\u00e9n muchos duelos in\u00e9ditos en la historia del club, como ser\u00e1n los que enfrentar\u00e1n a los isle\u00f1os con Albacete Basket o Caja Rural Zamora. La \u00faltima cita liguera ser\u00e1 ante el mismo rival que la primera: Alimerka Oviedo Baloncesto, que esperar\u00e1 a los claretianos el domingo 9 de mayo.<\/p>\n<p class=\"wp-block-paragraph\">El lunes 17 de agosto est\u00e1 previsto que tenga lugar el primer entrenamiento oficial de pretemporada del Gran Canaria 26\/27. Bruno Savignani tendr\u00e1 a su disposici\u00f3n a sus jugadores, que ir\u00e1n llegando a la isla desde el 5 de agosto en adelante. En ese periodo, los miembros del plantel ir\u00e1n someti\u00e9ndose a los pertinentes reconocimientos m\u00e9dicos.<\/p>\n<p class=\"wp-block-paragraph\">A inicios de septiembre tendr\u00e1n lugar los primeros encuentros amistosos del equipo grancanario, algunos a puerta cerrada. El equipo organizar\u00e1 un partido de presentaci\u00f3n en el Gran Canaria Arena del que se facilitar\u00e1 m\u00e1s informaci\u00f3n en pr\u00f3ximas fechas. <\/p>\n<p class=\"wp-block-paragraph\">Los de Savignani disputar\u00e1n en total en torno a cinco o seis partidos de preparaci\u00f3n a lo largo del mes de septiembre, ante rivales de la categor\u00eda, antes del inicio oficial del curso.<\/p>\n","protected":false},"excerpt":{"rendered":"<p>El Gran Canaria ya conoce su hoja de ruta para esta temporada 26\/27 en Primera FEB. El equipo amarillo debutar\u00e1 como local el s\u00e1bado 26 de septiembre a las 19:00&hellip;<\/p>\n","protected":false},"author":30,"featured_media":344,"comment_status":"open","ping_status":"open","sticky":false,"template":"","format":"standard","meta":{"wpai_generated_summary":"","wpai_meta_description":"","footnotes":""},"categories":[122],"tags":[],"class_list":["post-343","post","type-post","status-publish","format-standard","has-post-thumbnail","hentry","category-deportes"],"_links":{"self":[{"href":"https:\/\/nublo.tv\/index.php\/wp-json\/wp\/v2\/posts\/343","targetHints":{"allow":["GET"]}}],"collection":[{"href":"https:\/\/nublo.tv\/index.php\/wp-json\/wp\/v2\/posts"}],"about":[{"href":"https:\/\/nublo.tv\/index.php\/wp-json\/wp\/v2\/types\/post"}],"author":[{"embeddable":true,"href":"https:\/\/nublo.tv\/index.php\/wp-json\/wp\/v2\/users\/30"}],"replies":[{"embeddable":true,"href":"https:\/\/nublo.tv\/index.php\/wp-json\/wp\/v2\/comments?post=343"}],"version-history":[{"count":1,"href":"https:\/\/nublo.tv\/index.php\/wp-json\/wp\/v2\/posts\/343\/revisions"}],"predecessor-version":[{"id":533,"href":"https:\/\/nublo.tv\/index.php\/wp-json\/wp\/v2\/posts\/343\/revisions\/533"}],"wp:featuredmedia":[{"embeddable":true,"href":"https:\/\/nublo.tv\/index.php\/wp-json\/wp\/v2\/media\/344"}],"wp:attachment":[{"href":"https:\/\/nublo.tv\/index.php\/wp-json\/wp\/v2\/media?parent=343"}],"wp:term":[{"taxonomy":"category","embeddable":true,"href":"https:\/\/nublo.tv\/index.php\/wp-json\/wp\/v2\/categories?post=343"},{"taxonomy":"post_tag","embeddable":true,"href":"https:\/\/nublo.tv\/index.php\/wp-json\/wp\/v2\/tags?post=343"}],"curies":[{"name":"wp","href":"https:\/\/api.w.org\/{rel}","templated":true}]}}