{"id":3435,"date":"2026-08-13T19:43:25","date_gmt":"2026-08-13T18:43:25","guid":{"rendered":"https:\/\/nublo.tv\/?p=3435"},"modified":"2026-08-27T12:35:28","modified_gmt":"2026-08-27T11:35:28","slug":"la-concejalia-de-aguas-desbloquea-una-inversion-de-15-millones-de-euros-para-modernizar-la-red-de-abastecimiento","status":"publish","type":"post","link":"https:\/\/nublo.tv\/index.php\/2026\/08\/13\/la-concejalia-de-aguas-desbloquea-una-inversion-de-15-millones-de-euros-para-modernizar-la-red-de-abastecimiento\/","title":{"rendered":"La Concejal\u00eda de Aguas desbloquea una inversi\u00f3n de 1,5 millones de euros para modernizar la red de abastecimiento"},"content":{"rendered":"<p>\u25cf <strong>El Ayuntamiento incorpora al presupuesto la partida procedente del Fondo de Mejora del Servicio para renovar cerca de 10.500 metros de tuber\u00edas y 194 acometidas<\/strong><\/p>\n<p>El Ayuntamiento de Gu\u00eda aprob\u00f3 en el \u00faltimo Pleno extraordinario el suplemento de cr\u00e9dito necesario para incorporar al presupuesto municipal los 1,5 millones de euros que la empresa concesionaria del servicio de abasto p\u00fablico ingres\u00f3 en el a\u00f1o 2023 destinado al Fondo de Mejora del Servicio y que en su momento no fueron destinados a este fin. Con este acuerdo, impulsado por la Concejal\u00eda de Urbanismo, Vivienda y Aguas, que dirige Jos\u00e9 Manuel Santana, el Gobierno municipal desbloquea una de las principales inversiones previstas en los \u00faltimos a\u00f1os para modernizar la red de abastecimiento y mejorar la calidad y eficiencia del servicio.<\/p>\n<p>El proyecto, redactado por la Oficina T\u00e9cnica Municipal, permitir\u00e1 actuar sobre diferentes puntos de la red que presentan una elevada antig\u00fcedad y que requieren una renovaci\u00f3n para reducir aver\u00edas, p\u00e9rdidas de agua y problemas asociados al deterioro de las conducciones. En total, una vez ejecutado el proyecto, se habr\u00e1n renovado cerca de 10.500 metros de tuber\u00edas y 194 acometidas, incluyendo varios tramos de tuber\u00eda de acero cuya antig\u00fcedad est\u00e1 provocando incidencias, aver\u00edas y problemas derivados del arrastre de \u00f3xido.<\/p>\n<p>Entre las actuaciones previstas, se encuentra la renovaci\u00f3n de la red de impulsi\u00f3n desde el dep\u00f3sito de Juan Garc\u00eda, en la Cuesta de Carballo, hasta el dep\u00f3sito de La Dehesilla, as\u00ed como la renovaci\u00f3n de la red de abastecimiento en los tramos La Dehesilla-La Dehesa, La Dehesilla-Barranco Cardoso, Barranco Cardoso-Cuesta de Carballo y El Gallego-San Felipe.<\/p>\n<p>El primer teniente de alcalde y concejal de Urbanismo, Vivienda y Aguas, Jos\u00e9 Manuel Santana, destac\u00f3 que la aprobaci\u00f3n del suplemento de cr\u00e9dito \u00abpermite desbloquear unos recursos que tienen un destino claro como es mejorar el servicio de abastecimiento que reciben nuestros vecinos\u00bb, se\u00f1al\u00f3, subrayando que \u00abdurante demasiado tiempo estos fondos han estado sin poder convertirse en una inversi\u00f3n efectiva y ahora hemos dado el paso necesario para que esos 1,5 millones de euros se transformen en obras y en mejoras reales para la ciudadan\u00eda tras una larga tramitaci\u00f3n administrativa por no haberse concretado en el 2023 que esta partida fuese al Fondo de Mejora\u00bb, puntualiz\u00f3.<\/p>\n<p>Santana subray\u00f3 que esta no es una actuaci\u00f3n m\u00e1s \u00absino que se trata de una decisi\u00f3n pol\u00edtica de apostar por nuestras infraestructuras y afrontar de una vez problemas que llevan demasiado tiempo sobre la mesa\u00bb, afirm\u00f3. En tal sentido, asegur\u00f3 que \u00abno queremos seguir parcheando una red que en determinados puntos tiene d\u00e9cadas de antig\u00fcedad. Queremos renovar las conducciones, reducir las aver\u00edas y las p\u00e9rdidas y ofrecer un servicio de mayor calidad y con m\u00e1s garant\u00edas\u00bb.<\/p>\n<p>El responsable municipal defendi\u00f3, adem\u00e1s, que los recursos vinculados al servicio deben revertir en su mejora. \u00abLa ciudadan\u00eda paga por un servicio esencial y nuestra obligaci\u00f3n es gestionar esos recursos con responsabilidad y hacer que vuelvan al propio servicio en forma de inversiones. Eso es lo que estamos haciendo con esta actuaci\u00f3n\u00bb, explic\u00f3.<\/p>\n<p>Para el concejal, la aprobaci\u00f3n de esta inversi\u00f3n demuestra que \u00abcuando existe voluntad pol\u00edtica y capacidad de gesti\u00f3n, se pueden desbloquear asuntos que llevaban demasiado tiempo pendientes\u00bb. \u00abNosotros hemos tomado una decisi\u00f3n clara: poner en movimiento 1,5 millones de euros, convertirlos en obra p\u00fablica y actuar sobre una infraestructura que es fundamental para el municipio. Ese es nuestro compromiso y vamos a seguir trabajando en esa direcci\u00f3n\u00bb, concluy\u00f3 Santana.<\/p>\n<p>Una vez incorporados los fondos al presupuesto, el Ayuntamiento iniciar\u00e1 el procedimiento de licitaci\u00f3n de las obras, con el objetivo de que los trabajos puedan comenzar lo antes posible.<\/p>\n<p>La actuaci\u00f3n supone un nuevo paso en la modernizaci\u00f3n de la red hidr\u00e1ulica municipal y en la apuesta del Gobierno municipal por una gesti\u00f3n del agua m\u00e1s eficiente, sostenible y orientada a garantizar la calidad de los servicios p\u00fablicos.<\/p>\n","protected":false},"excerpt":{"rendered":"<p>\u25cf El Ayuntamiento incorpora al presupuesto la partida procedente del Fondo de Mejora del Servicio para renovar cerca de 10.500 metros de tuber\u00edas y 194 acometidas El Ayuntamiento de Gu\u00eda&hellip;<\/p>\n","protected":false},"author":1,"featured_media":3436,"comment_status":"open","ping_status":"open","sticky":false,"template":"","format":"standard","meta":{"wpai_generated_summary":"","wpai_meta_description":"","footnotes":""},"categories":[138],"tags":[],"class_list":["post-3435","post","type-post","status-publish","format-standard","has-post-thumbnail","hentry","category-ayuntamiento-de-santa-maria-de-guia"],"_links":{"self":[{"href":"https:\/\/nublo.tv\/index.php\/wp-json\/wp\/v2\/posts\/3435","targetHints":{"allow":["GET"]}}],"collection":[{"href":"https:\/\/nublo.tv\/index.php\/wp-json\/wp\/v2\/posts"}],"about":[{"href":"https:\/\/nublo.tv\/index.php\/wp-json\/wp\/v2\/types\/post"}],"author":[{"embeddable":true,"href":"https:\/\/nublo.tv\/index.php\/wp-json\/wp\/v2\/users\/1"}],"replies":[{"embeddable":true,"href":"https:\/\/nublo.tv\/index.php\/wp-json\/wp\/v2\/comments?post=3435"}],"version-history":[{"count":1,"href":"https:\/\/nublo.tv\/index.php\/wp-json\/wp\/v2\/posts\/3435\/revisions"}],"predecessor-version":[{"id":3437,"href":"https:\/\/nublo.tv\/index.php\/wp-json\/wp\/v2\/posts\/3435\/revisions\/3437"}],"wp:featuredmedia":[{"embeddable":true,"href":"https:\/\/nublo.tv\/index.php\/wp-json\/wp\/v2\/media\/3436"}],"wp:attachment":[{"href":"https:\/\/nublo.tv\/index.php\/wp-json\/wp\/v2\/media?parent=3435"}],"wp:term":[{"taxonomy":"category","embeddable":true,"href":"https:\/\/nublo.tv\/index.php\/wp-json\/wp\/v2\/categories?post=3435"},{"taxonomy":"post_tag","embeddable":true,"href":"https:\/\/nublo.tv\/index.php\/wp-json\/wp\/v2\/tags?post=3435"}],"curies":[{"name":"wp","href":"https:\/\/api.w.org\/{rel}","templated":true}]}}