{"id":3438,"date":"2026-08-13T20:48:54","date_gmt":"2026-08-13T19:48:54","guid":{"rendered":"https:\/\/nublo.tv\/?p=3438"},"modified":"2026-08-27T12:35:28","modified_gmt":"2026-08-27T11:35:28","slug":"el-gobierno-de-canarias-finaliza-la-prealerta-del-plateca-por-evento-multitudinario-en-las-islas","status":"publish","type":"post","link":"https:\/\/nublo.tv\/index.php\/2026\/08\/13\/el-gobierno-de-canarias-finaliza-la-prealerta-del-plateca-por-evento-multitudinario-en-las-islas\/","title":{"rendered":"El Gobierno de Canarias finaliza la prealerta del Plateca por evento multitudinario en las islas"},"content":{"rendered":"<p>La Direcci\u00f3n General de Emergencias, en base a la situaci\u00f3n acaecida, y en aplicaci\u00f3n del Plan Territorial de Emergencia de Protecci\u00f3n Civil de la Comunidad Aut\u00f3noma de Canarias PLATECA (Decreto 98\/2015, de 22 de mayo), finaliza la situaci\u00f3n de prealerta en Canarias a partir de las 00:00 horas de ma\u00f1ana, viernes 14 de agosto.<span id=\"more-197323\"><\/span><\/p>\n<p><strong>Descripci\u00f3n del riesgo:<\/strong><\/p>\n<p>Evento de posible asistencia masiva en puntos concretos de las islas abiertos al oeste, en relaci\u00f3n con el eclipse parcial de Sol que tendr\u00e1 lugar el pr\u00f3ximo mi\u00e9rcoles, 12 de agosto, entre las 18:57 y las 20:45 horas.<\/p>\n<p><strong>\u00c1mbito territorial:<\/strong><\/p>\n<p>Comunidad aut\u00f3noma de Canarias<\/p>\n<p><strong>Observaciones:<\/strong><\/p>\n<p>Tras haber finalizado el eclipse, as\u00ed como otros fen\u00f3menos astron\u00f3micos coincidentes en estos<br \/>\nd\u00edas, se da por finalizada la Situaci\u00f3n de Prealerta.<\/p>\n","protected":false},"excerpt":{"rendered":"<p>La Direcci\u00f3n General de Emergencias, en base a la situaci\u00f3n acaecida, y en aplicaci\u00f3n del Plan Territorial de Emergencia de Protecci\u00f3n Civil de la Comunidad Aut\u00f3noma de Canarias PLATECA (Decreto&hellip;<\/p>\n","protected":false},"author":1,"featured_media":3441,"comment_status":"open","ping_status":"open","sticky":false,"template":"","format":"standard","meta":{"wpai_generated_summary":"","wpai_meta_description":"","footnotes":""},"categories":[121],"tags":[],"class_list":["post-3438","post","type-post","status-publish","format-standard","has-post-thumbnail","hentry","category-noticias"],"_links":{"self":[{"href":"https:\/\/nublo.tv\/index.php\/wp-json\/wp\/v2\/posts\/3438","targetHints":{"allow":["GET"]}}],"collection":[{"href":"https:\/\/nublo.tv\/index.php\/wp-json\/wp\/v2\/posts"}],"about":[{"href":"https:\/\/nublo.tv\/index.php\/wp-json\/wp\/v2\/types\/post"}],"author":[{"embeddable":true,"href":"https:\/\/nublo.tv\/index.php\/wp-json\/wp\/v2\/users\/1"}],"replies":[{"embeddable":true,"href":"https:\/\/nublo.tv\/index.php\/wp-json\/wp\/v2\/comments?post=3438"}],"version-history":[{"count":1,"href":"https:\/\/nublo.tv\/index.php\/wp-json\/wp\/v2\/posts\/3438\/revisions"}],"predecessor-version":[{"id":3440,"href":"https:\/\/nublo.tv\/index.php\/wp-json\/wp\/v2\/posts\/3438\/revisions\/3440"}],"wp:featuredmedia":[{"embeddable":true,"href":"https:\/\/nublo.tv\/index.php\/wp-json\/wp\/v2\/media\/3441"}],"wp:attachment":[{"href":"https:\/\/nublo.tv\/index.php\/wp-json\/wp\/v2\/media?parent=3438"}],"wp:term":[{"taxonomy":"category","embeddable":true,"href":"https:\/\/nublo.tv\/index.php\/wp-json\/wp\/v2\/categories?post=3438"},{"taxonomy":"post_tag","embeddable":true,"href":"https:\/\/nublo.tv\/index.php\/wp-json\/wp\/v2\/tags?post=3438"}],"curies":[{"name":"wp","href":"https:\/\/api.w.org\/{rel}","templated":true}]}}