{"id":3442,"date":"2026-08-14T09:12:00","date_gmt":"2026-08-14T08:12:00","guid":{"rendered":"https:\/\/nublo.tv\/?p=3442"},"modified":"2026-08-27T12:35:28","modified_gmt":"2026-08-27T11:35:28","slug":"guia-convierte-sus-calles-en-un-gran-escenario-olimpico-con-una-cabalgata-de-carrozas-que-recorre-la-historia-de-los-juegos","status":"publish","type":"post","link":"https:\/\/nublo.tv\/index.php\/2026\/08\/14\/guia-convierte-sus-calles-en-un-gran-escenario-olimpico-con-una-cabalgata-de-carrozas-que-recorre-la-historia-de-los-juegos\/","title":{"rendered":"Gu\u00eda convierte sus calles en un gran escenario ol\u00edmpico con una Cabalgata de Carrozas que recorre la historia de los Juegos"},"content":{"rendered":"<p>Gu\u00eda volvi\u00f3 a llenar la noche de este jueves sus calles de fantas\u00eda, m\u00fasica y espect\u00e1culo con la tradicional y esperada Cabalgata de Carrozas, una de las citas m\u00e1s emblem\u00e1ticas y esperadas de las Fiestas de la Virgen. En esta ocasi\u00f3n, el hilo conductor fue la Historia de los Juegos Ol\u00edmpicos, una tem\u00e1tica que permiti\u00f3 construir un recorrido visual por diferentes \u00e9pocas, s\u00edmbolos y momentos vinculados al mayor acontecimiento deportivo mundial.<\/p>\n<p>El desfile arranc\u00f3 con el tradicional baile de papag\u00fcevos, que suman alegr\u00eda al sentimiento de emoci\u00f3n del p\u00fablico por descubrir el misterio que cada a\u00f1o suponen las Carrozas para los guienses.<\/p>\n<p>Tras los entra\u00f1ables papag\u00fcevos, hicieron su entrada las majorettes, nuevamente, bajo la direcci\u00f3n de Alba Garc\u00eda, con las m\u00e1s peque\u00f1as deleitando al p\u00fablico con una coreograf\u00eda preparada exclusivamente para esta noche.<\/p>\n<p>La obertura comenz\u00f3 con una coreograf\u00eda a cargo de las alumnas de la escuela de danza de Yurena Molina y con la participaci\u00f3n de varios clubes y deportistas guienses de varias disciplinas que trajeron al espect\u00e1culo los valores y el esp\u00edritu del deporte, una de las se\u00f1as de identidad del municipio.<\/p>\n<p>La m\u00fasica tuvo un papel esencial durante toda la cabalgata, con una banda en directo bajo la direcci\u00f3n de Ar\u00edstides Sosa y la voz de Mar\u00eda Casal, que acompa\u00f1\u00f3 el desarrollo del desfile, aportando emotividad y fuerza a los diferentes momentos de la representaci\u00f3n.<\/p>\n<p>Las cinco carrozas fueron el eje de un relato esc\u00e9nico que permiti\u00f3 al p\u00fablico avanzar por distintas etapas de la historia ol\u00edmpica. Un narrador acompa\u00f1\u00f3 el recorrido, introduciendo cada una de las carrozas y aportando el contexto necesario para seguir el viaje desde los or\u00edgenes de los Juegos hasta algunas de las im\u00e1genes m\u00e1s reconocibles de la era ol\u00edmpica moderna y una proyecci\u00f3n de los Juegos del futuro, como deseo de continuidad de la efem\u00e9ride deportiva m\u00e1s importante del mundo.<\/p>\n<p>La propuesta combin\u00f3, adem\u00e1s, las acrobacias, los zancudos y diferentes intervenciones esc\u00e9nicas, creando un espect\u00e1culo visual, ac\u00fastico y muy din\u00e1mico.<\/p>\n<p>Uno de los momentos m\u00e1s destacados fue la recreaci\u00f3n del encendido del fuego ol\u00edmpico de Barcelona 92 mediante el lanzamiento de una flecha desde el frontis de la Iglesia hasta la Casa Consistorial, una escena que evoc\u00f3 uno de los momentos m\u00e1s ic\u00f3nicos de la historia de los Juegos modernos.<\/p>\n<p>El montaje cont\u00f3 con una importante participaci\u00f3n de profesionales, artistas, deportistas y figurantes de Gu\u00eda. El talento local estuvo presente en diferentes \u00e1mbitos de la producci\u00f3n, desde la creaci\u00f3n y confecci\u00f3n del vestuario hasta la direcci\u00f3n art\u00edstica, la m\u00fasica y la voz.<\/p>\n<p>El alcalde de Gu\u00eda, Alfredo Gon\u00e7alves Ferreira y asiduo figurante en el Desfile de Carrozas, destac\u00f3 el valor de una celebraci\u00f3n \u00abque consigue transformar cada a\u00f1o las calles del casco y ofrecer al p\u00fablico una experiencia inolvidable\u00bb. De esta noche de magia, quiso subrayar, especialmente, \u00abla elecci\u00f3n de una tem\u00e1tica con una historia enorme de valores y superaci\u00f3n detr\u00e1s, con s\u00edmbolos que forman parte de la memoria de todas y todos, y la implicaci\u00f3n de los profesionales y participantes que hacen posible este gran espect\u00e1culo\u00bb.<\/p>\n<p>Asimismo, felicit\u00f3 \u00aba todas las personas que trabajaron en la preparaci\u00f3n de esta edici\u00f3n y a quienes participaron sobre el escenario y en nuestras carrozas, por su esfuerzo, su creatividad, la ilusi\u00f3n que hay detr\u00e1s y por mantener viva la tradici\u00f3n de una de las noches m\u00e1s esperadas de las Fiestas de la Virgen desde hace ya much\u00edsimos a\u00f1os\u00bb.<\/p>\n<p>La Cabalgata de Carrozas volvi\u00f3, as\u00ed, a convertir las calles de Gu\u00eda y el frontis de la iglesia en un gran espect\u00e1culo al aire libre, combinando historia, deporte, m\u00fasica, teatro, danza, juegos de luces y emoci\u00f3n compartida con una celebraci\u00f3n que mantiene su esencia al tiempo que incorpora cada a\u00f1o elementos para\u00a0 sorprender al p\u00fablico.<\/p>\n<p>Esta noche enmarcada dentro de los d\u00edas grandes de las fiestas patronales de Gu\u00eda termin\u00f3 con el concierto de Adu\u00e9n Amaya, un joven cantante teldense que llev\u00f3 a la Plaza Grande los ritmos latinos y que confirma la apuesta durante las Fiestas de la Virgen por el talento art\u00edstico local.<\/p>\n<p>Las Carrozas se despedir\u00e1n del p\u00fablico el pr\u00f3ximo d\u00eda 15 durante la Batalla de Flores, que comenzar\u00e1 a las 19:00 horas tras la Carrera de Cintas.<\/p>\n<div class=\"x-resp-embed x-is-video x-is-youtube\"><\/div>\n<h3 style=\"text-align: center\"><a href=\"https:\/\/www.flickr.com\/photos\/195490293@N07\/albums\/72177720335143079\/with\/55462631759\/\" target=\"_blank\" rel=\"noopener\">GALER\u00cdA DE FOTOS<\/a><\/h3>\n","protected":false},"excerpt":{"rendered":"<p>Gu\u00eda volvi\u00f3 a llenar la noche de este jueves sus calles de fantas\u00eda, m\u00fasica y espect\u00e1culo con la tradicional y esperada Cabalgata de Carrozas, una de las citas m\u00e1s emblem\u00e1ticas&hellip;<\/p>\n","protected":false},"author":1,"featured_media":3443,"comment_status":"open","ping_status":"open","sticky":false,"template":"","format":"standard","meta":{"wpai_generated_summary":"","wpai_meta_description":"","footnotes":""},"categories":[138],"tags":[],"class_list":["post-3442","post","type-post","status-publish","format-standard","has-post-thumbnail","hentry","category-ayuntamiento-de-santa-maria-de-guia"],"_links":{"self":[{"href":"https:\/\/nublo.tv\/index.php\/wp-json\/wp\/v2\/posts\/3442","targetHints":{"allow":["GET"]}}],"collection":[{"href":"https:\/\/nublo.tv\/index.php\/wp-json\/wp\/v2\/posts"}],"about":[{"href":"https:\/\/nublo.tv\/index.php\/wp-json\/wp\/v2\/types\/post"}],"author":[{"embeddable":true,"href":"https:\/\/nublo.tv\/index.php\/wp-json\/wp\/v2\/users\/1"}],"replies":[{"embeddable":true,"href":"https:\/\/nublo.tv\/index.php\/wp-json\/wp\/v2\/comments?post=3442"}],"version-history":[{"count":1,"href":"https:\/\/nublo.tv\/index.php\/wp-json\/wp\/v2\/posts\/3442\/revisions"}],"predecessor-version":[{"id":3449,"href":"https:\/\/nublo.tv\/index.php\/wp-json\/wp\/v2\/posts\/3442\/revisions\/3449"}],"wp:featuredmedia":[{"embeddable":true,"href":"https:\/\/nublo.tv\/index.php\/wp-json\/wp\/v2\/media\/3443"}],"wp:attachment":[{"href":"https:\/\/nublo.tv\/index.php\/wp-json\/wp\/v2\/media?parent=3442"}],"wp:term":[{"taxonomy":"category","embeddable":true,"href":"https:\/\/nublo.tv\/index.php\/wp-json\/wp\/v2\/categories?post=3442"},{"taxonomy":"post_tag","embeddable":true,"href":"https:\/\/nublo.tv\/index.php\/wp-json\/wp\/v2\/tags?post=3442"}],"curies":[{"name":"wp","href":"https:\/\/api.w.org\/{rel}","templated":true}]}}