{"id":3446,"date":"2026-08-14T09:12:05","date_gmt":"2026-08-14T08:12:05","guid":{"rendered":"https:\/\/nublo.tv\/?p=3446"},"modified":"2026-08-27T12:35:28","modified_gmt":"2026-08-27T11:35:28","slug":"el-xxv-torneo-de-envite-del-pino-juega-este-viernes-las-semifinales","status":"publish","type":"post","link":"https:\/\/nublo.tv\/index.php\/2026\/08\/14\/el-xxv-torneo-de-envite-del-pino-juega-este-viernes-las-semifinales\/","title":{"rendered":"El XXV Torneo de Envite del Pino juega este viernes las semifinales"},"content":{"rendered":"<p class=\"x_MsoNormal\"><strong>El encuentro ser\u00e1 en el Restaurante Miraflor, a las 20:30 horas. Un total de 32 equipos de la isla iniciaron el pasado 24 de julio el torneo de juego de mesa, que cumple su 25 aniversario. <\/strong><\/p>\n<p class=\"x_MsoNormal\">El 25\u00ba Torneo de Envite Fiestas del Pino 2026 disputar\u00e1 este viernes 14 de agosto las semifinales, a las 20,30 horas, en el Bar Cafeter\u00eda Made in Teror, en la Plaza del Sintes. En esta jornada ya saldr\u00e1n los equipos que jugaran por los diferentes puestos del 1\u00ba al 8\u00ba en la final.\u00a0La final se disputar\u00e1 el 27 de agosto, en el Bar Diego, en la Calle Real de la Plaza.<\/p>\n<p><a href=\"https:\/\/teror.es\/wp-content\/uploads\/2026\/08\/14_envite-semifinales.png\"><img loading=\"lazy\" decoding=\"async\" class=\"alignright size-vp_sm wp-image-98861\" src=\"https:\/\/teror.es\/wp-content\/uploads\/2026\/08\/14_envite-semifinales-500x697.png\" alt=\"\" width=\"500\" height=\"697\" \/><\/a><\/p>\n<p><a href=\"https:\/\/teror.es\/wp-content\/uploads\/2026\/07\/30_cartel-Envite-ELPINO.jpeg\"><img loading=\"lazy\" decoding=\"async\" class=\"alignright size-vp_sm wp-image-98597\" src=\"https:\/\/teror.es\/wp-content\/uploads\/2026\/07\/30_cartel-Envite-ELPINO-500x711.jpeg\" alt=\"\" width=\"500\" height=\"711\" \/><\/a>El veterano Torneo de envite, organizado por la organizaci\u00f3n \u2018Amigos del Envite Teror y Valleseco El Pino Los \u00c1lamos\u2019,con la colaboraci\u00f3n del Ayuntamiento de Teror desde el \u00e1rea de Participaci\u00f3n Ciudadana, que dirige el edil Manuel Far\u00edas, se inici\u00f3 el pasado 24 de julio con la participaci\u00f3n de 32 equipos de varios municipios de las isla: G\u00e1ldar, Arucas, Moya, Firgas, Santa Br\u00edgida, Las Palmas,\u00a0 Valleseco, Sta. Mar\u00eda de Gu\u00eda, Teror. M\u00e1s de 150 jugadoras\/es participan con gran afici\u00f3n en este tradicional juego de mesa\u00a0 en las sesiones con car\u00e1cter eliminatorio hasta la final, que tendr\u00e1 lugar el 27 de agosto.<\/p>\n<p class=\"x_MsoNormal\">\n","protected":false},"excerpt":{"rendered":"<p>El encuentro ser\u00e1 en el Restaurante Miraflor, a las 20:30 horas. Un total de 32 equipos de la isla iniciaron el pasado 24 de julio el torneo de juego de&hellip;<\/p>\n","protected":false},"author":1,"featured_media":3451,"comment_status":"open","ping_status":"open","sticky":false,"template":"","format":"standard","meta":{"wpai_generated_summary":"","wpai_meta_description":"","footnotes":""},"categories":[141],"tags":[],"class_list":["post-3446","post","type-post","status-publish","format-standard","has-post-thumbnail","hentry","category-ayuntamiento-de-teror"],"_links":{"self":[{"href":"https:\/\/nublo.tv\/index.php\/wp-json\/wp\/v2\/posts\/3446","targetHints":{"allow":["GET"]}}],"collection":[{"href":"https:\/\/nublo.tv\/index.php\/wp-json\/wp\/v2\/posts"}],"about":[{"href":"https:\/\/nublo.tv\/index.php\/wp-json\/wp\/v2\/types\/post"}],"author":[{"embeddable":true,"href":"https:\/\/nublo.tv\/index.php\/wp-json\/wp\/v2\/users\/1"}],"replies":[{"embeddable":true,"href":"https:\/\/nublo.tv\/index.php\/wp-json\/wp\/v2\/comments?post=3446"}],"version-history":[{"count":1,"href":"https:\/\/nublo.tv\/index.php\/wp-json\/wp\/v2\/posts\/3446\/revisions"}],"predecessor-version":[{"id":3450,"href":"https:\/\/nublo.tv\/index.php\/wp-json\/wp\/v2\/posts\/3446\/revisions\/3450"}],"wp:featuredmedia":[{"embeddable":true,"href":"https:\/\/nublo.tv\/index.php\/wp-json\/wp\/v2\/media\/3451"}],"wp:attachment":[{"href":"https:\/\/nublo.tv\/index.php\/wp-json\/wp\/v2\/media?parent=3446"}],"wp:term":[{"taxonomy":"category","embeddable":true,"href":"https:\/\/nublo.tv\/index.php\/wp-json\/wp\/v2\/categories?post=3446"},{"taxonomy":"post_tag","embeddable":true,"href":"https:\/\/nublo.tv\/index.php\/wp-json\/wp\/v2\/tags?post=3446"}],"curies":[{"name":"wp","href":"https:\/\/api.w.org\/{rel}","templated":true}]}}