{"id":345,"date":"2026-08-04T17:37:06","date_gmt":"2026-08-04T16:37:06","guid":{"rendered":"https:\/\/nublo.tv\/?p=345"},"modified":"2026-08-04T17:37:06","modified_gmt":"2026-08-04T16:37:06","slug":"el-dreamland-gran-canaria-anade-polvora-al-juego-exterior-con-joe-cremo","status":"publish","type":"post","link":"https:\/\/nublo.tv\/index.php\/2026\/08\/04\/el-dreamland-gran-canaria-anade-polvora-al-juego-exterior-con-joe-cremo\/","title":{"rendered":"El Dreamland Gran Canaria a\u00f1ade p\u00f3lvora al juego exterior con Joe Cremo"},"content":{"rendered":"<p class=\"wp-block-paragraph\">Joe Cremo (Nueva York, 1996) y Dreamland Gran Canaria unen sus caminos para la pr\u00f3xima temporada. El escolta norteamericano, de 1,93 metros de estatura, llega procedente del Leyma Coru\u00f1a, equipo con el que logr\u00f3 el ascenso a Liga Endesa en la reci\u00e9n terminada campa\u00f1a.<\/p>\n<p class=\"wp-block-paragraph\">Nacido en el peque\u00f1o pueblo de Scotia, en Nueva York, Cremo desarroll\u00f3 su periplo universitario entre Albany y la prestigiosa Villanova, donde jug\u00f3 solo un a\u00f1o. En 2019, tras no ser escogido en el draft de la NBA, inici\u00f3 su carrera en la G League. En dicha competici\u00f3n jug\u00f3 para los Spa City Gambles y los Long Island Nets en un periodo de dos a\u00f1os.<\/p>\n<p class=\"wp-block-paragraph\">En el verano de 2021 decide dar el salto al baloncesto europeo, y acepta la llamada del Zornotza de LEB Plata. Sus 14,9 puntos y 2,6 asistencias por partido llamaron la atenci\u00f3n del CB Tizona, equipo con el que se proclama campe\u00f3n de la Copa LEB Plata y de la liga, con un balance de 24-2, siendo elegido MVP del curso. Sus promedios, de 13,2 puntos, 3,3 rebotes y 3,1 asistencias, apenas se vieron resentidos por el salto de categor\u00eda. En su debut en la Primera FEB en la campa\u00f1a 24\/25, promedi\u00f3 12,1 puntos, 2,5 rebotes y 2,5 asistencias.<\/p>\n<p class=\"wp-block-paragraph\">En el verano de 2024 cambi\u00f3 de equipo, pero no de ciudad. Cremo jug\u00f3 para Silb\u00f6 San Pablo Burgos en la campa\u00f1a 24\/25 a las \u00f3rdenes de Bruno Savignani. El estadounidense promedi\u00f3 9,2 puntos y 2,8 rebotes aquel a\u00f1o, siendo una pieza importante en el ascenso conseguido. Un ascenso que fue capaz de repetir la pasada temporada, en las filas del Leyma Coru\u00f1a, donde aport\u00f3 11,4 puntos, 2,7 rebotes y 2,1 asistencias por encuentro.<\/p>\n<p class=\"wp-block-paragraph\">Cremo se reencontrar\u00e1 en la isla con Gudmundsson y Fischer, adem\u00e1s de con Bruno Savignani.<\/p>\n","protected":false},"excerpt":{"rendered":"<p>Joe Cremo (Nueva York, 1996) y Dreamland Gran Canaria unen sus caminos para la pr\u00f3xima temporada. El escolta norteamericano, de 1,93 metros de estatura, llega procedente del Leyma Coru\u00f1a, equipo&hellip;<\/p>\n","protected":false},"author":30,"featured_media":346,"comment_status":"open","ping_status":"open","sticky":false,"template":"","format":"standard","meta":{"wpai_generated_summary":"","wpai_meta_description":"","footnotes":""},"categories":[122],"tags":[],"class_list":["post-345","post","type-post","status-publish","format-standard","has-post-thumbnail","hentry","category-deportes"],"_links":{"self":[{"href":"https:\/\/nublo.tv\/index.php\/wp-json\/wp\/v2\/posts\/345","targetHints":{"allow":["GET"]}}],"collection":[{"href":"https:\/\/nublo.tv\/index.php\/wp-json\/wp\/v2\/posts"}],"about":[{"href":"https:\/\/nublo.tv\/index.php\/wp-json\/wp\/v2\/types\/post"}],"author":[{"embeddable":true,"href":"https:\/\/nublo.tv\/index.php\/wp-json\/wp\/v2\/users\/30"}],"replies":[{"embeddable":true,"href":"https:\/\/nublo.tv\/index.php\/wp-json\/wp\/v2\/comments?post=345"}],"version-history":[{"count":1,"href":"https:\/\/nublo.tv\/index.php\/wp-json\/wp\/v2\/posts\/345\/revisions"}],"predecessor-version":[{"id":565,"href":"https:\/\/nublo.tv\/index.php\/wp-json\/wp\/v2\/posts\/345\/revisions\/565"}],"wp:featuredmedia":[{"embeddable":true,"href":"https:\/\/nublo.tv\/index.php\/wp-json\/wp\/v2\/media\/346"}],"wp:attachment":[{"href":"https:\/\/nublo.tv\/index.php\/wp-json\/wp\/v2\/media?parent=345"}],"wp:term":[{"taxonomy":"category","embeddable":true,"href":"https:\/\/nublo.tv\/index.php\/wp-json\/wp\/v2\/categories?post=345"},{"taxonomy":"post_tag","embeddable":true,"href":"https:\/\/nublo.tv\/index.php\/wp-json\/wp\/v2\/tags?post=345"}],"curies":[{"name":"wp","href":"https:\/\/api.w.org\/{rel}","templated":true}]}}