{"id":3452,"date":"2026-08-14T14:54:05","date_gmt":"2026-08-14T13:54:05","guid":{"rendered":"http:\/\/nublo.tv\/?p=3452"},"modified":"2026-08-27T12:35:28","modified_gmt":"2026-08-27T11:35:28","slug":"guanarteme-crea-una-cancion-y-un-videoclip-en-homenaje-la-identidad-del-barrio","status":"publish","type":"post","link":"https:\/\/nublo.tv\/index.php\/2026\/08\/14\/guanarteme-crea-una-cancion-y-un-videoclip-en-homenaje-la-identidad-del-barrio\/","title":{"rendered":"Guanarteme crea una canci\u00f3n y un videoclip en homenaje la identidad del barrio"},"content":{"rendered":"<div class=\"image col-sm-6 pull-right\">\n<div class=\"saga-imagen \">\n\t\t<a href=\"\/export\/sites\/laspalmasgc\/.galleries\/imagenes-noticias-2026\/Presentacion-videoclip-20260814.png\" title=\"Guanarteme crea una canci\u00f3n y un videoclip en homenaje la identidad del barrio\" class=\"wrapper-image zoom-filter \"><br \/>\n\t\t\t\t\t<span class=\"sr-only\">Ampliar imagen<\/span><\/p>\n<div class=\"overlay-zoom\">\n\t\t\t\t\t\t<img loading=\"lazy\" decoding=\"async\" class=\"img-responsive\" src=\"\/export\/sites\/laspalmasgc\/.galleries\/imagenes-noticias-2026\/Presentacion-videoclip-20260814.png_513066471.png\" width=\"900\" height=\"600\" alt=\"Guanarteme crea una canci\u00f3n y un videoclip en homenaje la identidad del barrio\"><\/p>\n<div class=\"zoom-icon\">\n\t                    \t<span class=\"fa fa-search-plus\" aria-hidden=\"true\"><\/span>\n\t                    <\/div>\n<\/p><\/div>\n<p>\t\t\t\t<\/a>\n\t\t\t<\/div>\n<\/p><\/div>\n<div class=\"container-fluid\">\n<p>El Ayuntamiento, que ha impulsado esta iniciativa participativa, ha presentado el trabajo audiovisual que recuerda las antiguas factor\u00edas, las tertulias a la fresca, las fiestas del Pilar o los tradicionales papahuevos<\/p>\n<p>Un total de 30 vecinos y vecinas de distintas edades participaron en el rodaje del videoclip, realizado en diferentes espacios del barrio\u00a0<\/p>\n<p>Las Palmas de Gran Canaria, 14 de agosto de 2026. El Ayuntamiento de Las Palmas de Gran Canaria, a trav\u00e9s del Distrito Isleta-Puerto-Guanarteme, ha presentado \u2018MaGuanarteme\u2019, una canci\u00f3n y videoclip compuesto y creado por residentes en el barrio para poner su identidad y memoria.\u00a0<\/p>\n<p>El proyecto fue presentado, en la Plaza del Pilar, en un acto con vecinos y vecinas en el que tambi\u00e9n estuvo presente el concejal del distrito Isleta-Puerto-Guanarteme, H\u00e9ctor Alem\u00e1n.<\/p>\n<p>\u2018MaGuanarteme\u2019 nace dentro de \u2018Canciones con Identidad\u2019, una de las iniciativas desarrolladas en el marco del proyecto \u2018Indistritamente\u2019. El proceso de composici\u00f3n colectiva cont\u00f3 con vecinos y vecinas, que compartieron recuerdos, emociones y lugares significativos de Guanarteme para trasladarlos posteriormente a la letra de la canci\u00f3n.<\/p>\n<p>La pieza realiza un recorrido por la memoria y la transformaci\u00f3n del barrio, recuperando elementos vinculados a su historia y a la vida cotidiana de sus habitantes, como las antiguas factor\u00edas, el salitre, las tertulias a la fresca, las fiestas del Pilar o los tradicionales papahuevos.<\/p>\n<p>La canci\u00f3n tambi\u00e9n dirige su mirada al Guanarteme actual y a las transformaciones experimentadas en los \u00faltimos a\u00f1os, al tiempo que plantea una reflexi\u00f3n sobre la importancia de conservar la esencia y la identidad del barrio de cara al futuro.<\/p>\n<p>Una vez compuesta y grabada la canci\u00f3n, el proyecto culmin\u00f3 con la realizaci\u00f3n del videoclip en diferentes espacios de Guanarteme. En el rodaje participaron 30 vecinos y vecinas de distintas edades, convirtiendo la pieza audiovisual en una nueva creaci\u00f3n colectiva surgida desde el propio barrio.<\/p>\n<p>El videoclip \u2018MaGuanarteme\u2019 est\u00e1 disponible para su visualizaci\u00f3n en el siguiente enlace: <a href=\"https:\/\/www.youtube.com\/watch?v=qAUvEc81XCs\" target=\"_blank\" rel=\"noopener\">https:\/\/www.youtube.com\/watch?v=qAUvEc81XCs<\/a><\/p>\n<p>Un proyecto de participaci\u00f3n comunitaria<\/p>\n<p>\u2018Indistritamente\u2019 se desarroll\u00f3 en Guanarteme con el objetivo de utilizar la cultura como herramienta de encuentro, participaci\u00f3n y fortalecimiento de la identidad comunitaria.<\/p>\n<p>El proyecto ha incluido diferentes propuestas vinculadas con la literatura, la m\u00fasica, la danza y las artes pl\u00e1sticas, entre ellas el taller literario \u2018Somos\u2019, el flashmob \u2018La Calle Nos Baila\u2019, \u2018Canciones con Identidad\u2019 y \u2018Rincones con Arte\u2019, adem\u00e1s de \u2018Tejiendo la Trapera\u2019, concebida como un espacio de encuentro y escucha con vecinos y representantes del tejido asociativo.<\/p>\n<p>Las actividades han favorecido el encuentro entre generaciones, la recuperaci\u00f3n de la memoria colectiva y la participaci\u00f3n de los vecinos y vecinas en propuestas culturales creadas desde el propio barrio.<\/p>\n<\/div>\n","protected":false},"excerpt":{"rendered":"<p>Ampliar imagen El Ayuntamiento, que ha impulsado esta iniciativa participativa, ha presentado el trabajo audiovisual que recuerda las antiguas factor\u00edas, las tertulias a la fresca, las fiestas del Pilar o&hellip;<\/p>\n","protected":false},"author":1,"featured_media":3453,"comment_status":"open","ping_status":"open","sticky":false,"template":"","format":"standard","meta":{"wpai_generated_summary":"","wpai_meta_description":"","footnotes":""},"categories":[132],"tags":[],"class_list":["post-3452","post","type-post","status-publish","format-standard","has-post-thumbnail","hentry","category-ayuntamiento-de-las-palmas-de-gran-canaria"],"_links":{"self":[{"href":"https:\/\/nublo.tv\/index.php\/wp-json\/wp\/v2\/posts\/3452","targetHints":{"allow":["GET"]}}],"collection":[{"href":"https:\/\/nublo.tv\/index.php\/wp-json\/wp\/v2\/posts"}],"about":[{"href":"https:\/\/nublo.tv\/index.php\/wp-json\/wp\/v2\/types\/post"}],"author":[{"embeddable":true,"href":"https:\/\/nublo.tv\/index.php\/wp-json\/wp\/v2\/users\/1"}],"replies":[{"embeddable":true,"href":"https:\/\/nublo.tv\/index.php\/wp-json\/wp\/v2\/comments?post=3452"}],"version-history":[{"count":1,"href":"https:\/\/nublo.tv\/index.php\/wp-json\/wp\/v2\/posts\/3452\/revisions"}],"predecessor-version":[{"id":3505,"href":"https:\/\/nublo.tv\/index.php\/wp-json\/wp\/v2\/posts\/3452\/revisions\/3505"}],"wp:featuredmedia":[{"embeddable":true,"href":"https:\/\/nublo.tv\/index.php\/wp-json\/wp\/v2\/media\/3453"}],"wp:attachment":[{"href":"https:\/\/nublo.tv\/index.php\/wp-json\/wp\/v2\/media?parent=3452"}],"wp:term":[{"taxonomy":"category","embeddable":true,"href":"https:\/\/nublo.tv\/index.php\/wp-json\/wp\/v2\/categories?post=3452"},{"taxonomy":"post_tag","embeddable":true,"href":"https:\/\/nublo.tv\/index.php\/wp-json\/wp\/v2\/tags?post=3452"}],"curies":[{"name":"wp","href":"https:\/\/api.w.org\/{rel}","templated":true}]}}