{"id":3454,"date":"2026-08-14T14:54:44","date_gmt":"2026-08-14T13:54:44","guid":{"rendered":"http:\/\/nublo.tv\/?p=3454"},"modified":"2026-08-27T12:35:28","modified_gmt":"2026-08-27T11:35:28","slug":"la-sociedad-de-promocion-economica-de-gran-canaria-licita-el-suministro-de-mobiliario-de-oficina-para-sus-instalaciones","status":"publish","type":"post","link":"https:\/\/nublo.tv\/index.php\/2026\/08\/14\/la-sociedad-de-promocion-economica-de-gran-canaria-licita-el-suministro-de-mobiliario-de-oficina-para-sus-instalaciones\/","title":{"rendered":"La Sociedad de Promoci\u00f3n Econ\u00f3mica de Gran Canaria licita el suministro de mobiliario de oficina para sus instalaciones"},"content":{"rendered":"<p class=\"wp-block-paragraph\">La Sociedad de Promoci\u00f3n Econ\u00f3mica de Gran Canaria (SPEGC), entidad dependiente del Cabildo de Gran Canaria, ha sacado a licitaci\u00f3n el contrato de suministro en funci\u00f3n de las necesidades de mobiliario de oficina para los seis inmuebles e instalaciones que gestiona. Este contrato tiene un valor estimado de 353.820 euros y contempla un plazo de dos a\u00f1os desde su formalizaci\u00f3n. El plazo para la presentaci\u00f3n de ofertas permanecer\u00e1 abierto hasta el 14 de septiembre de 2026 <a href=\"https:\/\/contrataciondelestado.es\/wps\/poc?uri=deeplink:detalle_licitacion&amp;idEvl=yGaG7chKXB2GCFcHcNGIlQ%3D%3D\">a trav\u00e9s de la Plataforma de Contrataci\u00f3n del Sector P\u00fablico.&nbsp;&nbsp;<\/a><\/p>\n<p class=\"wp-block-paragraph\">La contrataci\u00f3n responde a la necesidad de la entidad de disponer, de forma sucesiva y a precio unitario, del mobiliario necesario para los distintos inmuebles y espacios gestionados, ocupados o promocionados por la SPEGC. Con esta adjudicaci\u00f3n, la entidad busca dotar a sus instalaciones de un amueblamiento homog\u00e9neo que cumpla con los est\u00e1ndares funcionales, ergon\u00f3micos y de compatibilidad est\u00e9tica definidos en los \u00faltimos a\u00f1os, independientemente de su ubicaci\u00f3n final.&nbsp;<\/p>\n<p class=\"wp-block-paragraph\">Entre los edificios gestionados por la SPEGC que se enmarcan en el contrato para atender a reposiciones, adaptaciones y reestructuraciones de espacios, se encuentran las oficinas de la SPEGC en el Edificio Incube, incluyendo el Centro Demostrador TIC-Turismo (CDTIC), el Edificio Pasarela, Gran Canaria Plat\u00f3s y el Centro Polifuncional para el Desarrollo de Nuevas Actividades Empresariales y de Innovaci\u00f3n en el \u00c1mbito Portuario y Mar\u00edtimo (CIMM I).&nbsp;<\/p>\n<p class=\"wp-block-paragraph\">Dentro de este nuevo contrato se incluye una importante dotaci\u00f3n de equipamiento que requerir\u00e1 el nuevo edificio CIMM II (Centro Polifuncional para el Desarrollo de Nuevas Actividades Empresariales y de Innovaci\u00f3n en el \u00c1mbito Portuario y Mar\u00edtimo), situado en el Puerto de La Luz y de Las Palmas, cuya finalizaci\u00f3n de obras est\u00e1 prevista para finales de 2026 y que motivar\u00e1 el primer pedido tras la formalizaci\u00f3n del contrato.<\/p>\n","protected":false},"excerpt":{"rendered":"<p>La Sociedad de Promoci\u00f3n Econ\u00f3mica de Gran Canaria (SPEGC), entidad dependiente del Cabildo de Gran Canaria, ha sacado a licitaci\u00f3n el contrato de suministro en funci\u00f3n de las necesidades de&hellip;<\/p>\n","protected":false},"author":1,"featured_media":3455,"comment_status":"open","ping_status":"open","sticky":false,"template":"","format":"standard","meta":{"wpai_generated_summary":"","wpai_meta_description":"","footnotes":""},"categories":[121],"tags":[],"class_list":["post-3454","post","type-post","status-publish","format-standard","has-post-thumbnail","hentry","category-noticias"],"_links":{"self":[{"href":"https:\/\/nublo.tv\/index.php\/wp-json\/wp\/v2\/posts\/3454","targetHints":{"allow":["GET"]}}],"collection":[{"href":"https:\/\/nublo.tv\/index.php\/wp-json\/wp\/v2\/posts"}],"about":[{"href":"https:\/\/nublo.tv\/index.php\/wp-json\/wp\/v2\/types\/post"}],"author":[{"embeddable":true,"href":"https:\/\/nublo.tv\/index.php\/wp-json\/wp\/v2\/users\/1"}],"replies":[{"embeddable":true,"href":"https:\/\/nublo.tv\/index.php\/wp-json\/wp\/v2\/comments?post=3454"}],"version-history":[{"count":1,"href":"https:\/\/nublo.tv\/index.php\/wp-json\/wp\/v2\/posts\/3454\/revisions"}],"predecessor-version":[{"id":3516,"href":"https:\/\/nublo.tv\/index.php\/wp-json\/wp\/v2\/posts\/3454\/revisions\/3516"}],"wp:featuredmedia":[{"embeddable":true,"href":"https:\/\/nublo.tv\/index.php\/wp-json\/wp\/v2\/media\/3455"}],"wp:attachment":[{"href":"https:\/\/nublo.tv\/index.php\/wp-json\/wp\/v2\/media?parent=3454"}],"wp:term":[{"taxonomy":"category","embeddable":true,"href":"https:\/\/nublo.tv\/index.php\/wp-json\/wp\/v2\/categories?post=3454"},{"taxonomy":"post_tag","embeddable":true,"href":"https:\/\/nublo.tv\/index.php\/wp-json\/wp\/v2\/tags?post=3454"}],"curies":[{"name":"wp","href":"https:\/\/api.w.org\/{rel}","templated":true}]}}