{"id":3456,"date":"2026-08-14T14:54:03","date_gmt":"2026-08-14T13:54:03","guid":{"rendered":"https:\/\/nublo.tv\/?p=3456"},"modified":"2026-08-27T12:35:28","modified_gmt":"2026-08-27T11:35:28","slug":"el-ayuntamiento-culmina-la-ampliacion-y-mejora-de-las-oficinas-del-servicio-municipal-de-limpieza-en-las-torres","status":"publish","type":"post","link":"https:\/\/nublo.tv\/index.php\/2026\/08\/14\/el-ayuntamiento-culmina-la-ampliacion-y-mejora-de-las-oficinas-del-servicio-municipal-de-limpieza-en-las-torres\/","title":{"rendered":"El Ayuntamiento culmina la ampliaci\u00f3n y mejora de las oficinas del Servicio Municipal de Limpieza en Las Torres"},"content":{"rendered":"<div class=\"image col-sm-6 pull-right\">\n<div class=\"saga-imagen \">\n\t\t<a href=\"\/export\/sites\/laspalmasgc\/.galleries\/imagenes-noticias-2026\/La-alcaldesa-Carolina-Darias-junto-a-los-concejales-Hector-Aleman-Mauricio-Roque-y-el-gerente-del-SML-Antonio-Santana-en-las-instalaciones-renovadas-del-Servicio-Municipal-de-Limpieza-20260814.png\" title=\"El Ayuntamiento culmina la ampliaci\u00f3n y mejora de las oficinas del Servicio Municipal de Limpieza en Las Torres\" class=\"wrapper-image zoom-filter \"><br \/>\n\t\t\t\t\t<span class=\"sr-only\">Ampliar imagen<\/span><\/p>\n<div class=\"overlay-zoom\">\n\t\t\t\t\t\t<img loading=\"lazy\" decoding=\"async\" class=\"img-responsive\" src=\"\/export\/sites\/laspalmasgc\/.galleries\/imagenes-noticias-2026\/La-alcaldesa-Carolina-Darias-junto-a-los-concejales-Hector-Aleman-Mauricio-Roque-y-el-gerente-del-SML-Antonio-Santana-en-las-instalaciones-renovadas-del-Servicio-Municipal-de-Limpieza-20260814.png_513066471.png\" width=\"900\" height=\"600\" alt=\"El Ayuntamiento culmina la ampliaci\u00f3n y mejora de las oficinas del Servicio Municipal de Limpieza en Las Torres\"><\/p>\n<div class=\"zoom-icon\">\n\t                    \t<span class=\"fa fa-search-plus\" aria-hidden=\"true\"><\/span>\n\t                    <\/div>\n<\/p><\/div>\n<p>\t\t\t\t<\/a>\n\t\t\t<\/div>\n<\/p><\/div>\n<div class=\"container-fluid\">\n<p>La actuaci\u00f3n ha permitido aumentar en 150 metros cuadrados las instalaciones, crear nuevos espacios de trabajo y una sala de reuniones y proyecciones con capacidad para 25 personas<\/p>\n<p>Los trabajos han supuesto una inversi\u00f3n de 202.430,70 euros y tambi\u00e9n han incluido la mejora de los aseos, con la incorporaci\u00f3n de un espacio adaptado para personas con movilidad reducida<\/p>\n<p>Las Palmas de Gran Canaria, 14 de agosto de 2026. El Ayuntamiento de Las Palmas de Gran Canaria ha culminado las obras de ampliaci\u00f3n y mejora de las oficinas del Servicio Municipal de Limpieza (SML) situadas en el pol\u00edgono industrial Las Torres, una actuaci\u00f3n que ha permitido ampliar en 150 metros cuadrados las instalaciones y dotarlas de nuevos espacios de trabajo, reuni\u00f3n y atenci\u00f3n.<br \/>La intervenci\u00f3n, realizada por la Concejal\u00eda de Planificaci\u00f3n, Desarrollo Urbana y Vivienda a trav\u00e9s de la Sociedad Municipal de Gesti\u00f3n Urban\u00edstica de Las Palmas de Gran Canaria (Geursa) ha supuesto una inversi\u00f3n de 202.430,70 euros.<br \/>La alcaldesa de Las Palmas de Gran Canaria, Carolina Darias; el concejal de Planificaci\u00f3n, Desarrollo Urbano y Vivienda, Mauricio Roque; el concejal de Higiene Urbana y Carnaval, H\u00e9ctor Alem\u00e1n; y el gerente del Servicio Municipal de Limpieza, Antonio Santana, han visitado las instalaciones con motivo de la finalizaci\u00f3n de los trabajos.<br \/>La actuaci\u00f3n se ha desarrollado sobre una superficie aproximada de 250 metros cuadrados, de los que 150 corresponden a la ampliaci\u00f3n del edificio. El nuevo espacio incorpora cuatro oficinas, as\u00ed como una sala de reuniones y proyecciones con capacidad para 25 personas.<br \/>Adem\u00e1s, los trabajos han permitido mejorar la distribuci\u00f3n de las dependencias existentes y optimizar los espacios de uso del personal. Entre las actuaciones realizadas se encuentra la redistribuci\u00f3n de los aseos y la creaci\u00f3n de un ba\u00f1o adaptado para personas con movilidad reducida, reforzando as\u00ed las condiciones de accesibilidad de las instalaciones.<br \/>La intervenci\u00f3n tambi\u00e9n ha incluido la remodelaci\u00f3n del office y de un cuarto de limpieza, as\u00ed como la mejora de la zona de espera central, que cuenta con un gran lucernario perimetral que favorece la entrada de luz natural en las dependencias.<\/p>\n<\/div>\n","protected":false},"excerpt":{"rendered":"<p>Ampliar imagen La actuaci\u00f3n ha permitido aumentar en 150 metros cuadrados las instalaciones, crear nuevos espacios de trabajo y una sala de reuniones y proyecciones con capacidad para 25 personas&hellip;<\/p>\n","protected":false},"author":1,"featured_media":3457,"comment_status":"open","ping_status":"open","sticky":false,"template":"","format":"standard","meta":{"wpai_generated_summary":"","wpai_meta_description":"","footnotes":""},"categories":[132],"tags":[],"class_list":["post-3456","post","type-post","status-publish","format-standard","has-post-thumbnail","hentry","category-ayuntamiento-de-las-palmas-de-gran-canaria"],"_links":{"self":[{"href":"https:\/\/nublo.tv\/index.php\/wp-json\/wp\/v2\/posts\/3456","targetHints":{"allow":["GET"]}}],"collection":[{"href":"https:\/\/nublo.tv\/index.php\/wp-json\/wp\/v2\/posts"}],"about":[{"href":"https:\/\/nublo.tv\/index.php\/wp-json\/wp\/v2\/types\/post"}],"author":[{"embeddable":true,"href":"https:\/\/nublo.tv\/index.php\/wp-json\/wp\/v2\/users\/1"}],"replies":[{"embeddable":true,"href":"https:\/\/nublo.tv\/index.php\/wp-json\/wp\/v2\/comments?post=3456"}],"version-history":[{"count":1,"href":"https:\/\/nublo.tv\/index.php\/wp-json\/wp\/v2\/posts\/3456\/revisions"}],"predecessor-version":[{"id":3504,"href":"https:\/\/nublo.tv\/index.php\/wp-json\/wp\/v2\/posts\/3456\/revisions\/3504"}],"wp:featuredmedia":[{"embeddable":true,"href":"https:\/\/nublo.tv\/index.php\/wp-json\/wp\/v2\/media\/3457"}],"wp:attachment":[{"href":"https:\/\/nublo.tv\/index.php\/wp-json\/wp\/v2\/media?parent=3456"}],"wp:term":[{"taxonomy":"category","embeddable":true,"href":"https:\/\/nublo.tv\/index.php\/wp-json\/wp\/v2\/categories?post=3456"},{"taxonomy":"post_tag","embeddable":true,"href":"https:\/\/nublo.tv\/index.php\/wp-json\/wp\/v2\/tags?post=3456"}],"curies":[{"name":"wp","href":"https:\/\/api.w.org\/{rel}","templated":true}]}}