{"id":3458,"date":"2026-08-14T14:54:33","date_gmt":"2026-08-14T13:54:33","guid":{"rendered":"https:\/\/nublo.tv\/?p=3458"},"modified":"2026-08-27T12:35:28","modified_gmt":"2026-08-27T11:35:28","slug":"el-hoyo-celebra-este-sabado-el-dia-principal-de-sus-fiestas-de-la-virgen-de-lourdes","status":"publish","type":"post","link":"https:\/\/nublo.tv\/index.php\/2026\/08\/14\/el-hoyo-celebra-este-sabado-el-dia-principal-de-sus-fiestas-de-la-virgen-de-lourdes\/","title":{"rendered":"El Hoyo celebra este s\u00e1bado el d\u00eda principal de sus fiestas de la Virgen de Lourdes"},"content":{"rendered":"<p><strong>El programa musical\u00a0 ofrece este viernes 14 de agosto verbena con \u2018Vado Permanente\u2019 y \u2018Hache Tamarindo\u2019, a partir de las 22:00 horas.\u00a0 \u00a0<span style=\"color: #0000ff\"><a style=\"color: #0000ff\" href=\"https:\/\/teror.es\/wp-content\/uploads\/2026\/08\/EL-HOYO-2026.pdf\">VER PROGRAMA<\/a><\/span>\u00a0(pdf)<\/strong><\/p>\n<p>El barrio de El Hoyo celebra este s\u00e1bado 15 de agosto el d\u00eda principal de sus fiestas patronales en honor a la Virgen de Lourdes con actividades infantiles por la ma\u00f1ana y, a las 20:00 horas, la misa cantada por la Rondalla Camino Viejo del Hoyo, y posterior procesi\u00f3n acompa\u00f1ada por la Banda Bravo.\u00a0 El programa musical\u00a0 ofrece este viernes 14 de agosto verbena con \u2018Vado Permanente y \u2018Hache Tamarindo\u2019, a partir de las 22:00 horas. El 23 de agosto se realizar\u00e1 la entrega de trofeos de los torneos y el 12 de octubre, como es tradici\u00f3n se cerrar\u00e1 con la excursi\u00f3n del barrio a un lugar de la isla.<\/p>\n<p><a href=\"https:\/\/teror.es\/wp-content\/uploads\/2026\/08\/04_cartel-Fiesta-ElHoyo.png\"><img loading=\"lazy\" decoding=\"async\" class=\"alignright size-vp_sm wp-image-98704\" src=\"https:\/\/teror.es\/wp-content\/uploads\/2026\/08\/04_cartel-Fiesta-ElHoyo-500x635.png\" alt=\"\" width=\"500\" height=\"635\"><\/a>El barrio de El Hoyo inici\u00f3 oficialmente sus fiestas patronales en honor a la Virgen de Lourdes el 7 de agosto con la lectura del preg\u00f3n,\u00a0 a cargo la maestra y vecina del barrio Paula Azcanio L\u00f3pez. A continuaci\u00f3n se realiz\u00f3 el\u00a0 II Memorial Calixto Gonz\u00e1lez con la actuaci\u00f3n musical del \u2018Grupo Isle\u00f1o\u2019. El s\u00e1bado 8 de agosto lleg\u00f3 la 3\u00aa Bajada en burro a la Fuente Agria, acompa\u00f1ada de la Banda Aborigen. Y el 9 de agosto tuvo lugar la Muestra de animales, con trasquilada y paseos en burro, entre otros actos.<\/p>\n<p>\u00a0<\/p>\n<p>\u00a0<\/p>\n<p>\u00a0<\/p>\n<p>\u00a0<\/p>\n","protected":false},"excerpt":{"rendered":"<p>El programa musical\u00a0 ofrece este viernes 14 de agosto verbena con \u2018Vado Permanente\u2019 y \u2018Hache Tamarindo\u2019, a partir de las 22:00 horas.\u00a0 \u00a0VER PROGRAMA\u00a0(pdf) El barrio de El Hoyo celebra&hellip;<\/p>\n","protected":false},"author":1,"featured_media":3459,"comment_status":"open","ping_status":"open","sticky":false,"template":"","format":"standard","meta":{"wpai_generated_summary":"","wpai_meta_description":"","footnotes":""},"categories":[141],"tags":[],"class_list":["post-3458","post","type-post","status-publish","format-standard","has-post-thumbnail","hentry","category-ayuntamiento-de-teror"],"_links":{"self":[{"href":"https:\/\/nublo.tv\/index.php\/wp-json\/wp\/v2\/posts\/3458","targetHints":{"allow":["GET"]}}],"collection":[{"href":"https:\/\/nublo.tv\/index.php\/wp-json\/wp\/v2\/posts"}],"about":[{"href":"https:\/\/nublo.tv\/index.php\/wp-json\/wp\/v2\/types\/post"}],"author":[{"embeddable":true,"href":"https:\/\/nublo.tv\/index.php\/wp-json\/wp\/v2\/users\/1"}],"replies":[{"embeddable":true,"href":"https:\/\/nublo.tv\/index.php\/wp-json\/wp\/v2\/comments?post=3458"}],"version-history":[{"count":1,"href":"https:\/\/nublo.tv\/index.php\/wp-json\/wp\/v2\/posts\/3458\/revisions"}],"predecessor-version":[{"id":3513,"href":"https:\/\/nublo.tv\/index.php\/wp-json\/wp\/v2\/posts\/3458\/revisions\/3513"}],"wp:featuredmedia":[{"embeddable":true,"href":"https:\/\/nublo.tv\/index.php\/wp-json\/wp\/v2\/media\/3459"}],"wp:attachment":[{"href":"https:\/\/nublo.tv\/index.php\/wp-json\/wp\/v2\/media?parent=3458"}],"wp:term":[{"taxonomy":"category","embeddable":true,"href":"https:\/\/nublo.tv\/index.php\/wp-json\/wp\/v2\/categories?post=3458"},{"taxonomy":"post_tag","embeddable":true,"href":"https:\/\/nublo.tv\/index.php\/wp-json\/wp\/v2\/tags?post=3458"}],"curies":[{"name":"wp","href":"https:\/\/api.w.org\/{rel}","templated":true}]}}