{"id":3460,"date":"2026-08-14T14:54:30","date_gmt":"2026-08-14T13:54:30","guid":{"rendered":"https:\/\/nublo.tv\/?p=3460"},"modified":"2026-08-27T12:35:28","modified_gmt":"2026-08-27T11:35:28","slug":"la-deportista-terorense-ainara-perez-convocada-con-el-equipo-nacional-de-halterofilia-para-una-nueva-concentracion-en-sierra-nevada","status":"publish","type":"post","link":"https:\/\/nublo.tv\/index.php\/2026\/08\/14\/la-deportista-terorense-ainara-perez-convocada-con-el-equipo-nacional-de-halterofilia-para-una-nueva-concentracion-en-sierra-nevada\/","title":{"rendered":"La deportista terorense Ainara P\u00e9rez convocada con el equipo nacional de Halterofilia para una nueva concentraci\u00f3n en Sierra Nevada"},"content":{"rendered":"<div dir=\"auto\"><\/div>\n<div dir=\"auto\">La atleta del Club Halteror, Ainara P\u00e9rez, ha sido convocada para participar en la pr\u00f3xima concentraci\u00f3n del equipo nacional espa\u00f1ol de Halterofilia, que se desarrollar\u00e1 del 16 al 29 de agosto en el Centro de Alto Rendimiento (CAR) de Sierra Nevada.<\/div>\n<div dir=\"auto\"><\/div>\n<div dir=\"auto\">Durante estas dos semanas, Ainara continuar\u00e1 con su preparaci\u00f3n de cara a los pr\u00f3ximos compromisos internacionales, trabajando bajo la supervisi\u00f3n de la Direcci\u00f3n T\u00e9cnica de la Selecci\u00f3n Espa\u00f1ola de Halterofilia, dirigida por V\u00edctor Galv\u00e1n.<\/div>\n<div dir=\"auto\"><\/div>\n<div dir=\"auto\">Esta nueva convocatoria supone un importante reconocimiento al trabajo y a la trayectoria deportiva de la joven halter\u00f3fila del Club Halteror, que contin\u00faa consolid\u00e1ndose dentro del panorama nacional y afrontando nuevos retos internacionales.<\/div>\n<div dir=\"auto\"><\/div>\n<div dir=\"auto\"><a href=\"https:\/\/teror.es\/wp-content\/uploads\/2026\/08\/14_Ainara2-scaled.jpg\"><img loading=\"lazy\" decoding=\"async\" class=\"alignright size-vp_sm wp-image-98865\" src=\"https:\/\/teror.es\/wp-content\/uploads\/2026\/08\/14_Ainara2-500x334.jpg\" alt=\"\" width=\"500\" height=\"334\" \/><\/a>El principal objetivo de esta concentraci\u00f3n ser\u00e1 seguir avanzando en la preparaci\u00f3n de cara al Campeonato de Europa, que se celebrar\u00e1 en Durres (Albania), del 12 al 19 de octubre, competici\u00f3n para la que Ainara P\u00e9rez tambi\u00e9n ha sido convocada con la selecci\u00f3n espa\u00f1ola.<\/div>\n<div dir=\"auto\"><\/div>\n<div dir=\"auto\">Adem\u00e1s, el Club Halteror estar\u00e1 doblemente representado en esta cita europea, ya que Valent\u00edn Navarro, entrenador de Ainara P\u00e9rez, ha sido convocado como integrante del equipo t\u00e9cnico de la Selecci\u00f3n Espa\u00f1ola para el Campeonato de Europa.<\/div>\n<div dir=\"auto\"><\/div>\n<div dir=\"auto\"><\/div>\n<div dir=\"auto\"><\/div>\n","protected":false},"excerpt":{"rendered":"<p>La atleta del Club Halteror, Ainara P\u00e9rez, ha sido convocada para participar en la pr\u00f3xima concentraci\u00f3n del equipo nacional espa\u00f1ol de Halterofilia, que se desarrollar\u00e1 del 16 al 29 de&hellip;<\/p>\n","protected":false},"author":1,"featured_media":3461,"comment_status":"open","ping_status":"open","sticky":false,"template":"","format":"standard","meta":{"wpai_generated_summary":"","wpai_meta_description":"","footnotes":""},"categories":[141],"tags":[],"class_list":["post-3460","post","type-post","status-publish","format-standard","has-post-thumbnail","hentry","category-ayuntamiento-de-teror"],"_links":{"self":[{"href":"https:\/\/nublo.tv\/index.php\/wp-json\/wp\/v2\/posts\/3460","targetHints":{"allow":["GET"]}}],"collection":[{"href":"https:\/\/nublo.tv\/index.php\/wp-json\/wp\/v2\/posts"}],"about":[{"href":"https:\/\/nublo.tv\/index.php\/wp-json\/wp\/v2\/types\/post"}],"author":[{"embeddable":true,"href":"https:\/\/nublo.tv\/index.php\/wp-json\/wp\/v2\/users\/1"}],"replies":[{"embeddable":true,"href":"https:\/\/nublo.tv\/index.php\/wp-json\/wp\/v2\/comments?post=3460"}],"version-history":[{"count":1,"href":"https:\/\/nublo.tv\/index.php\/wp-json\/wp\/v2\/posts\/3460\/revisions"}],"predecessor-version":[{"id":3512,"href":"https:\/\/nublo.tv\/index.php\/wp-json\/wp\/v2\/posts\/3460\/revisions\/3512"}],"wp:featuredmedia":[{"embeddable":true,"href":"https:\/\/nublo.tv\/index.php\/wp-json\/wp\/v2\/media\/3461"}],"wp:attachment":[{"href":"https:\/\/nublo.tv\/index.php\/wp-json\/wp\/v2\/media?parent=3460"}],"wp:term":[{"taxonomy":"category","embeddable":true,"href":"https:\/\/nublo.tv\/index.php\/wp-json\/wp\/v2\/categories?post=3460"},{"taxonomy":"post_tag","embeddable":true,"href":"https:\/\/nublo.tv\/index.php\/wp-json\/wp\/v2\/tags?post=3460"}],"curies":[{"name":"wp","href":"https:\/\/api.w.org\/{rel}","templated":true}]}}